{"id":14050,"date":"2016-11-25T15:58:58","date_gmt":"2016-11-25T15:58:58","guid":{"rendered":"https:\/\/comtal.org\/?p=14050"},"modified":"2017-01-12T15:55:34","modified_gmt":"2017-01-12T15:55:34","slug":"nou-espai-de-voluntariat-de-la-fundacio-comtal","status":"publish","type":"post","link":"https:\/\/comtal.org\/es\/nou-espai-de-voluntariat-de-la-fundacio-comtal\/","title":{"rendered":"NOU ESPAI DE VOLUNTARIAT DE LA FUNDACI\u00d3 COMTAL"},"content":{"rendered":"<p>Emoci\u00f3 i agra\u00efment, aix\u00f2 \u00e9s el que vam sentir l\u2019any passat al rebre el Premi Voluntariat que ens va atorgar la Generalitat de Catalunya. Gr\u00e0cies a aquest reconeixement hem pogut crear i promoure diversos espais de participaci\u00f3. I hem tingut l\u2019oportunitat de debatre propostes lligades a l\u2019eina a trav\u00e9s de la qual volem millorar la comunicaci\u00f3 i la implicaci\u00f3 de les persones volunt\u00e0ries a l\u2019entitat.<\/p>\n<p>El resultat \u00e9s un nou espai web i din\u00e0mic que pret\u00e9n fomentar la relaci\u00f3 entre les persones volunt\u00e0ries, el debat i la comunicaci\u00f3. Un nou canal on poder expressar-se, intercanviar informaci\u00f3, consultar l\u2019agenda i el dia a dia de la Fundaci\u00f3. Una eina que esperem ens faci sentir una mica m\u00e9s propers.<\/p>\n<p>Participar en aquest espai \u00e9s molt f\u00e0cil. Si ets voluntari, nom\u00e9s cal que entris a la web de la Fundaci\u00f3 Comtal <a href=\"www.comtal.org\">www.comtal.org<\/a> i vagis directament a baix de tot de la p\u00e0gina d\u2019entrada. All\u00e0 hi ha un bot\u00f3 on diu \u201cEspai Voluntariat\u201d. Clicant-hi s&#8217;obrir\u00e0 una nova finestra que ja \u00e9s la Intranet. All\u00e0 us heu de donar d\u2019alta i ja sereu dins de la nova comunitat de voluntariat de l&#8217;entitat.<\/p>\n<p>Per con\u00e8ixer m\u00e9s detalls, els dies 29 i 30 de novembre a les 17h farem una presentaci\u00f3 de l&#8217;eina a Sant Pere Mitj\u00e0 . La presentaci\u00f3 pr\u00e0ctica no durar\u00e0 m\u00e9s de\u00a020\u2019 o 30\u2019 minutets.<\/p>\n<p>Si teniu qualsevol dubte, poseu-vos en contacte amb la N\u00faria Cus\u00f3 escrivint un mail a voluntariat@comtal.org o trucant al 932954636.<\/p>\n<p>Esperem trobar-vos ben aviat en directe o virtualment!<\/p>\n","protected":false},"excerpt":{"rendered":"<p>Emoci\u00f3 i agra\u00efment, aix\u00f2 \u00e9s el que vam sentir l\u2019any passat al rebre el Premi Voluntariat que ens va atorgar la Generalitat de Catalunya. Gr\u00e0cies a aquest reconeixement hem pogut [&hellip;]<\/p>\n","protected":false},"author":2,"featured_media":0,"comment_status":"closed","ping_status":"closed","sticky":false,"template":"","format":"standard","meta":{"footnotes":""},"categories":[10,3,14],"tags":[8,13],"class_list":["post-14050","post","type-post","status-publish","format-standard","hentry","category-educacio","category-fundaciocomtal","category-voluntariat","tag-futur","tag-participacio"],"_links":{"self":[{"href":"https:\/\/comtal.org\/es\/wp-json\/wp\/v2\/posts\/14050","targetHints":{"allow":["GET"]}}],"collection":[{"href":"https:\/\/comtal.org\/es\/wp-json\/wp\/v2\/posts"}],"about":[{"href":"https:\/\/comtal.org\/es\/wp-json\/wp\/v2\/types\/post"}],"author":[{"embeddable":true,"href":"https:\/\/comtal.org\/es\/wp-json\/wp\/v2\/users\/2"}],"replies":[{"embeddable":true,"href":"https:\/\/comtal.org\/es\/wp-json\/wp\/v2\/comments?post=14050"}],"version-history":[{"count":3,"href":"https:\/\/comtal.org\/es\/wp-json\/wp\/v2\/posts\/14050\/revisions"}],"predecessor-version":[{"id":14312,"href":"https:\/\/comtal.org\/es\/wp-json\/wp\/v2\/posts\/14050\/revisions\/14312"}],"wp:attachment":[{"href":"https:\/\/comtal.org\/es\/wp-json\/wp\/v2\/media?parent=14050"}],"wp:term":[{"taxonomy":"category","embeddable":true,"href":"https:\/\/comtal.org\/es\/wp-json\/wp\/v2\/categories?post=14050"},{"taxonomy":"post_tag","embeddable":true,"href":"https:\/\/comtal.org\/es\/wp-json\/wp\/v2\/tags?post=14050"}],"curies":[{"name":"wp","href":"https:\/\/api.w.org\/{rel}","templated":true}]}}