{"id":13322,"date":"2015-02-18T00:00:00","date_gmt":"2015-02-18T00:00:00","guid":{"rendered":"https:\/\/comtal.org\/res-no-succeix-de-forma-separada-o-independent\/"},"modified":"2025-12-30T08:34:40","modified_gmt":"2025-12-30T08:34:40","slug":"res-no-succeix-de-forma-separada-o-independent","status":"publish","type":"post","link":"https:\/\/comtal.org\/es\/res-no-succeix-de-forma-separada-o-independent\/","title":{"rendered":"Res no succeix de forma separada o independent"},"content":{"rendered":"<p>Les viv\u00e8ncies individuals i familiars s\u00f3n \u00faniques. Situacions vitals similars s\u00f3n viscudes de forma molt diferent en funci\u00f3 del nucli al que es pertany, la cultura, les experi\u00e8ncies, els llenguatges emocionals i els l\u00edmits establerts. Per aix\u00f2, quan estem treballant amb un infant de forma propera intentem treballar tamb\u00e9 amb la fam\u00edlia a la qual pertany, per entendre i ubicar la seva realitat en el propi context social i per veure com aquest s\u2019hi enfronta. Des del Centre Obert Tria ens acostem als infants amb aquesta proximitat i amb aquesta perspectiva, per aix\u00f2 reforcem cada vegada m\u00e9s el treball amb les fam\u00edlies, i ho fem d\u2019una forma inclusiva i respectuosa. L\u2019experi\u00e8ncia ens mostra que les mares s\u00f3n les persones m\u00e9s properes als infants i al Centre Obert, per aix\u00f2 l\u2019\u00e0rea de fam\u00edlies es desenvolupa amb activitats adre\u00e7ades a elles. Obrim les portes del centre a la participaci\u00f3 familiar, generem noves sin\u00e8rgies i ens apropem per con\u00e8ixer millor els infants i atendre\u2019ls des de les seves necessitats concretes. Creiem que una intervenci\u00f3 social que no consideri aquesta realitat, i m\u00e9s quan parlem d\u2019infants que viuen situacions vitals dif\u00edcils, \u00e9s una intervenci\u00f3 immediata que no mira al futur i nosaltres volem fer-ho amb totes les garanties, tenint clar que res no succeix de forma separada o independent. Vols saber una mica m\u00e9s del que fem al Tria amb els infants i les fam\u00edlies? <strong>Entra a la <a href=\"https:\/\/comtal.org\/novaweb\/que-fem\/centre-obert-tria\/\">p\u00e0gina web<\/a><\/strong><\/p>\n","protected":false},"excerpt":{"rendered":"<p>Les viv\u00e8ncies individuals i familiars s\u00f3n \u00faniques. Situacions vitals similars s\u00f3n viscudes de forma molt diferent en funci\u00f3 del nucli al que es pertany, la cultura, les experi\u00e8ncies, els llenguatges [&hellip;]<\/p>\n","protected":false},"author":2,"featured_media":0,"comment_status":"closed","ping_status":"closed","sticky":false,"template":"","format":"standard","meta":{"footnotes":""},"categories":[277],"tags":[],"class_list":["post-13322","post","type-post","status-publish","format-standard","hentry","category-testimonials"],"_links":{"self":[{"href":"https:\/\/comtal.org\/es\/wp-json\/wp\/v2\/posts\/13322","targetHints":{"allow":["GET"]}}],"collection":[{"href":"https:\/\/comtal.org\/es\/wp-json\/wp\/v2\/posts"}],"about":[{"href":"https:\/\/comtal.org\/es\/wp-json\/wp\/v2\/types\/post"}],"author":[{"embeddable":true,"href":"https:\/\/comtal.org\/es\/wp-json\/wp\/v2\/users\/2"}],"replies":[{"embeddable":true,"href":"https:\/\/comtal.org\/es\/wp-json\/wp\/v2\/comments?post=13322"}],"version-history":[{"count":2,"href":"https:\/\/comtal.org\/es\/wp-json\/wp\/v2\/posts\/13322\/revisions"}],"predecessor-version":[{"id":28668,"href":"https:\/\/comtal.org\/es\/wp-json\/wp\/v2\/posts\/13322\/revisions\/28668"}],"wp:attachment":[{"href":"https:\/\/comtal.org\/es\/wp-json\/wp\/v2\/media?parent=13322"}],"wp:term":[{"taxonomy":"category","embeddable":true,"href":"https:\/\/comtal.org\/es\/wp-json\/wp\/v2\/categories?post=13322"},{"taxonomy":"post_tag","embeddable":true,"href":"https:\/\/comtal.org\/es\/wp-json\/wp\/v2\/tags?post=13322"}],"curies":[{"name":"wp","href":"https:\/\/api.w.org\/{rel}","templated":true}]}}