{"id":13312,"date":"2014-10-21T00:00:00","date_gmt":"2014-10-21T00:00:00","guid":{"rendered":"https:\/\/comtal.org\/ser-felic-i-fer-felic-al-que-tenvolta\/"},"modified":"2016-10-31T13:39:51","modified_gmt":"2016-10-31T13:39:51","slug":"ser-felic-i-fer-felic-al-que-tenvolta","status":"publish","type":"post","link":"https:\/\/comtal.org\/es\/ser-felic-i-fer-felic-al-que-tenvolta\/","title":{"rendered":"Ser feli\u00e7 i fer feli\u00e7 al que t&#8217;envolta"},"content":{"rendered":"<p><a href=\"https:\/\/comtal.org\/wp-content\/uploads\/salvador-fargas.jpg\"><img loading=\"lazy\" decoding=\"async\" class=\"alignleft size-medium wp-image-1041\" src=\"https:\/\/comtal.org\/wp-content\/uploads\/salvador-fargas.jpg\" alt=\"salvador fargas\" width=\"230\" height=\"300\" \/><\/a>El <strong>Gm\u00e0. Salvador Fargas i Cots <\/strong>\u00e9s un manres\u00e0 de 85 anys que ha dedicat tota la seva vida als infants i joves m\u00e9s fr\u00e0gils, des de la seva condici\u00f3 de religi\u00f3s <strong>dels Germans de La Salle.<\/strong>  Podem destacar quatre grans fites en el seu itinerari professional com a educador, que defineixen clarament <strong>la seva vocaci\u00f3 i prioritat vers els infants i joves amb m\u00e9s dificultats.<\/strong>  La primera la trobem a l\u2019<strong>Institut Ramon Alb\u00f3 de Protecci\u00f3 de Menors <\/strong>de Mollet del Vall\u00e8s, un centre que aleshores acollia 460 infants. En Salvador va estar quatre anys treballant-hi: el primer any va exercir com educador i els tres seg\u00fcents, com a director. D\u2019aquesta experi\u00e8ncia, sempre explica que, alguns caps de setmana, acompanyava un grup de 100 nois i noies en el trajecte que feien en tren cap a Barcelona. Tot i que hi anava sol amb ells\/es, mai va tenir cap problema.  La segona va ser al barri de Sant Roc de Badalona, on s\u2019hi va estar durant set anys. Recorda amb estima l\u2019<strong>Escola PROA <\/strong>i tots els infants gitanos\/es que va con\u00e8ixer all\u00e0. Fora de l\u2019horari laboral, en Salvador feia classes d\u2019alfabetitzaci\u00f3 a les noies, germanes dels nois de l\u2019escola. En aquesta \u00e8poca, dif\u00edcilment elles assistien a les escoles.  La tercera la trobem a l\u2019Hospitalet. Aqu\u00ed va ocupar, durant cinc anys, el c\u00e0rrec de director del <strong>Centre Els Alps <\/strong>per a joves sense llar. En aquest espai, oferia un sostre a les persones que necessitaven un lloc on viure mentre buscaven un treball. Aquesta experi\u00e8ncia, per al Salvador, va ser molt enriquidora i colpidora.  La quarta, que encara dura, \u00e9s a Ciutat Vella de Barcelona. Hi va arribar fa 20 anys i des d\u2019aleshores ha treballat, ja des de la seva posici\u00f3 de jubilat ben actiu, <strong>al Centre Obert J. S. Gavina, a l\u2019Escola Cintra i ara per ara al Centre Obert Tria de la Fundaci\u00f3 Comtal<\/strong>, realitzant una complexa tasca ajudant en el refor\u00e7 escolar.  Destacar finalment que, dins de la seva disponibilitat i voluntat de servei, ha estat president de la <strong>Fundaci\u00f3 Comtal<\/strong> durant vuit anys, del 2002 al 2010 i que, el dia 5 d\u2019octubre del 2014 i per unanimitat de tots els membres del Patronat ha estat nomenat <strong>President d\u2019Honor<\/strong> de l\u2019entitat.  Germ\u00e0 Salvador, <strong>gr\u00e0cies per fer feli\u00e7 als que t&#8217;envolten<\/strong>. Pels petits detalls i el suport que sempre dones en els moments dif\u00edcils, amb pastissos i galetes en els moments adequats. I per aportar sempre, com ho has fet en llibre de cuina de les mares del Tria amb un pr\u00f2leg escrit des del cor.<\/p>\n","protected":false},"excerpt":{"rendered":"<p>El Gm\u00e0. Salvador Fargas i Cots \u00e9s un manres\u00e0 de 85 anys que ha dedicat tota la seva vida als infants i joves m\u00e9s fr\u00e0gils, des de la seva condici\u00f3 [&hellip;]<\/p>\n","protected":false},"author":2,"featured_media":13313,"comment_status":"closed","ping_status":"closed","sticky":false,"template":"","format":"standard","meta":{"footnotes":""},"categories":[277],"tags":[],"class_list":["post-13312","post","type-post","status-publish","format-standard","has-post-thumbnail","hentry","category-testimonials"],"_links":{"self":[{"href":"https:\/\/comtal.org\/es\/wp-json\/wp\/v2\/posts\/13312","targetHints":{"allow":["GET"]}}],"collection":[{"href":"https:\/\/comtal.org\/es\/wp-json\/wp\/v2\/posts"}],"about":[{"href":"https:\/\/comtal.org\/es\/wp-json\/wp\/v2\/types\/post"}],"author":[{"embeddable":true,"href":"https:\/\/comtal.org\/es\/wp-json\/wp\/v2\/users\/2"}],"replies":[{"embeddable":true,"href":"https:\/\/comtal.org\/es\/wp-json\/wp\/v2\/comments?post=13312"}],"version-history":[{"count":1,"href":"https:\/\/comtal.org\/es\/wp-json\/wp\/v2\/posts\/13312\/revisions"}],"predecessor-version":[{"id":13384,"href":"https:\/\/comtal.org\/es\/wp-json\/wp\/v2\/posts\/13312\/revisions\/13384"}],"wp:featuredmedia":[{"embeddable":true,"href":"https:\/\/comtal.org\/es\/wp-json\/wp\/v2\/media\/13313"}],"wp:attachment":[{"href":"https:\/\/comtal.org\/es\/wp-json\/wp\/v2\/media?parent=13312"}],"wp:term":[{"taxonomy":"category","embeddable":true,"href":"https:\/\/comtal.org\/es\/wp-json\/wp\/v2\/categories?post=13312"},{"taxonomy":"post_tag","embeddable":true,"href":"https:\/\/comtal.org\/es\/wp-json\/wp\/v2\/tags?post=13312"}],"curies":[{"name":"wp","href":"https:\/\/api.w.org\/{rel}","templated":true}]}}