{"id":13310,"date":"2014-09-22T00:00:00","date_gmt":"2014-09-22T00:00:00","guid":{"rendered":"https:\/\/comtal.org\/un-nou-pas-endavant-una-nova-oportunitat-pels-joves\/"},"modified":"2016-10-31T13:39:51","modified_gmt":"2016-10-31T13:39:51","slug":"un-nou-pas-endavant-una-nova-oportunitat-pels-joves","status":"publish","type":"post","link":"https:\/\/comtal.org\/es\/un-nou-pas-endavant-una-nova-oportunitat-pels-joves\/","title":{"rendered":"Un nou pas endavant, una nova oportunitat pels joves"},"content":{"rendered":"<p><a href=\"https:\/\/comtal.org\/wp-content\/uploads\/IMG_2177.jpg\"><img loading=\"lazy\" decoding=\"async\" class=\"alignleft  wp-image-1027\" alt=\"IMG_2177\" src=\"https:\/\/comtal.org\/wp-content\/uploads\/IMG_2177.jpg\" width=\"531\" height=\"398\" \/><\/a>  &nbsp;  &nbsp;  &nbsp;  &nbsp;  &nbsp;  &nbsp;  &nbsp;  &nbsp;  &nbsp;  &nbsp;  &nbsp;  &nbsp;  &nbsp;  &nbsp;  Ja hem obert!  La Llar Germ\u00e0 Adri\u00e0 ha comen\u00e7at a donar els seus primers passos al quart pis de l\u2019edifici de La Salle Barceloneta. Despr\u00e9s del 13 de juliol que es va inaugurar no va trigar a omplir-se. Est\u00e0vem en ple estiu, aix\u00ed que els joves van anar ingressant a poc a poc. En quinze dies ja ten\u00edem seleccionats els 4 primers residents, tots ells joves que projecten el seu futur amb garanties d\u2019\u00e8xit, i que s\u2019allunyen de situacions familiars i personals complexes.  Despr\u00e9s d\u2019aquests quasi dos mesos d\u2019en\u00e7\u00e0 que la Llar va comen\u00e7ar a caminar, segueixo treballant en la vessant m\u00e9s educativa del programa per establir els h\u00e0bits i din\u00e0miques de la casa, engranar la bona relaci\u00f3 i coneixen\u00e7a amb l\u2019escola i la comunitat educativa i planificar les activitats de formaci\u00f3 dels nois.  Estem tot just a l\u2019inici. Aquest \u00e9s el meu primer projecte educatiu en l\u2019\u00e0mbit social i estic animat. Tamb\u00e9 m\u2019ho miro amb respecte i s\u00e9 que les dificultats aniran sortint, per\u00f2 confio en el suport dels companys de la Fundaci\u00f3 com ja ho han fet fins ara. El repte personal \u00e9s establir amb cadascun dels nois una relaci\u00f3 d\u2019ajuda, de confian\u00e7a, de refer\u00e8ncia i de guia. Que se sentin acompanyats i que puguin aconseguir el seu gran objectiu: emancipar-se.  <em>David P\u00e9rez, educador de la Llar Gm\u00e0. Adri\u00e0<\/em>  &nbsp;<\/p>\n","protected":false},"excerpt":{"rendered":"<p>&nbsp; &nbsp; &nbsp; &nbsp; &nbsp; &nbsp; &nbsp; &nbsp; &nbsp; &nbsp; &nbsp; &nbsp; &nbsp; &nbsp; Ja hem obert! La Llar Germ\u00e0 Adri\u00e0 ha comen\u00e7at a donar els seus primers passos al [&hellip;]<\/p>\n","protected":false},"author":2,"featured_media":0,"comment_status":"closed","ping_status":"closed","sticky":false,"template":"","format":"standard","meta":{"footnotes":""},"categories":[277],"tags":[],"class_list":["post-13310","post","type-post","status-publish","format-standard","hentry","category-testimonials"],"_links":{"self":[{"href":"https:\/\/comtal.org\/es\/wp-json\/wp\/v2\/posts\/13310","targetHints":{"allow":["GET"]}}],"collection":[{"href":"https:\/\/comtal.org\/es\/wp-json\/wp\/v2\/posts"}],"about":[{"href":"https:\/\/comtal.org\/es\/wp-json\/wp\/v2\/types\/post"}],"author":[{"embeddable":true,"href":"https:\/\/comtal.org\/es\/wp-json\/wp\/v2\/users\/2"}],"replies":[{"embeddable":true,"href":"https:\/\/comtal.org\/es\/wp-json\/wp\/v2\/comments?post=13310"}],"version-history":[{"count":1,"href":"https:\/\/comtal.org\/es\/wp-json\/wp\/v2\/posts\/13310\/revisions"}],"predecessor-version":[{"id":13385,"href":"https:\/\/comtal.org\/es\/wp-json\/wp\/v2\/posts\/13310\/revisions\/13385"}],"wp:attachment":[{"href":"https:\/\/comtal.org\/es\/wp-json\/wp\/v2\/media?parent=13310"}],"wp:term":[{"taxonomy":"category","embeddable":true,"href":"https:\/\/comtal.org\/es\/wp-json\/wp\/v2\/categories?post=13310"},{"taxonomy":"post_tag","embeddable":true,"href":"https:\/\/comtal.org\/es\/wp-json\/wp\/v2\/tags?post=13310"}],"curies":[{"name":"wp","href":"https:\/\/api.w.org\/{rel}","templated":true}]}}