{"id":13309,"date":"2014-08-01T00:00:00","date_gmt":"2014-08-01T00:00:00","guid":{"rendered":"https:\/\/comtal.org\/el-video-del-minut\/"},"modified":"2016-10-31T13:39:51","modified_gmt":"2016-10-31T13:39:51","slug":"el-video-del-minut","status":"publish","type":"post","link":"https:\/\/comtal.org\/es\/el-video-del-minut\/","title":{"rendered":"El v\u00eddeo del Minut"},"content":{"rendered":"<p>Com a talleristes del \u201ctaller del v\u00eddeo del Minut\u201d realitzat per Drac M\u00e0gic durant el mes de juliol del 2014 amb els joves de la Fundaci\u00f3 Comtal, ens agradaria fer una breu reflexi\u00f3 sobre el que ha representat la segona edici\u00f3.  L\u2019<b>Abu<\/b> va realitzar el primer v\u00eddeo. Mitjan\u00e7ant el recurs de la projecci\u00f3 d\u2019imatges d\u2019arxiu, i aprofitant l\u2019ombra de la seva silueta projectada damunt va relatar el seu trajecte com a exiliat de Som\u00e0lia fins a Espanya. Per a ell fou important no mostrar la seva imatge i explicar la cruesa de sortir del seu pa\u00eds com a orfe. Ara des de l\u2019exili i aprofitant la realitzaci\u00f3 del v\u00eddeo, explica aquest cam\u00ed fins a Barcelona. Durant la realitzaci\u00f3 del taller va demostrar la seva capacitat resolutiva, responent i realitzant el seu treball amb una gran rapidesa, de manera que va ser molt actiu, ajudant aix\u00ed a la realitzaci\u00f3 dels altres v\u00eddeos del grup i deixant espai per al treball dels dem\u00e8s.  Continuant amb el relat del viatge, el grup va decidir que el seg\u00fcent v\u00eddeo fos el del <b>Housain<\/b>, el qual aprofita el disseny del dibuix d\u2019un cami\u00f3 per explicar el seu trajecte de Marroc a Espanya sota un cami\u00f3. Malgrat va demostrar un gran conflicte alhora d\u2019escollir el tema del v\u00eddeo, ja que els seus objectius anaven des d\u2019un relat totalment ficcionat fins a una hist\u00f2ria de vida, ens va sorprendre molt positivament el mat\u00ed que va arribar decidit a explicar el trajecte personal. Paral\u00b7lelament va demostrar un gran esfor\u00e7 alhora de registrar l\u2019\u00e0udio que acompanya la imatge ja que malgrat les dificultats que representava per a ell parlar en castell\u00e0, no va parar fins que va aconseguir una dicci\u00f3 comprensible que podia descriure adequadament el seu relat. Tamb\u00e9 ha demostrat una gran col\u00b7laboraci\u00f3 i respecte amb el grup.  En <b>Saad<\/b> i el <b>Soufian<\/b> van decidir fer un relat conjunt, exposant l\u2019estigmatitzaci\u00f3 de l\u2019estereotip de \u201cmarroqu\u00ed carterista\u201d que ells pateixen. Inspirats amb el RAP realitzat en el taller anterior van elaborar-ne un aprofitant una m\u00fasica que coneixien i reelaborat-ne una nova versi\u00f3 redactant un text m\u00b4\u00e9s representatiu vers la seva situaci\u00f3. El proc\u00e9s de realitzaci\u00f3 del seu v\u00eddeo potser ha estat el m\u00e9s curat de tot el taller, no obstant ens va faltar temps per dedicar a la seva gravaci\u00f3, cosa que no ens complau, en contraposici\u00f3 a l\u2019elaboraci\u00f3 del seu treball; que com hem comentat, ens ha satisfet molt la dedicaci\u00f3 i la cura que han tingut ambd\u00f3s en relaci\u00f3 a la recerca del arxiu sonor, la reelaboraci\u00f3 d\u2019aquest i la sinopsis que van redactar referent a la problem\u00e0tica que volien exposar. Ens han resultat dos individus molt desperts i amb una energia proactiva important.  Per \u00faltim en <b>Moses<\/b> ha volgut repetir en la realitzaci\u00f3, demostrant aix\u00ed les ganes i\/o necessitat d\u2019explicar que te. Volem confiar que el Moses ha descobert una eina per expressar-se com a persona. Ens ha encantat que estigu\u00e9s de nou al taller ja que ha representat un punt de recolzament important per al nostre treball, sigui a nivell t\u00e8cnic; explicant als seus companys el funcionament i la t\u00e8cnica dels elements de gravaci\u00f3, com a nivell d\u2019acompanyament en la definici\u00f3 dels diferents projectes. La seva actitud ha estat sempre positiva, sorprenent amb la millora de la seva dicci\u00f3 aix\u00ed com de la seva socialitzaci\u00f3 respecte a la primera edici\u00f3. En Mousa va realitzar un v\u00eddeo aprofitant material d\u2019arxiu on es mostrava una manifestaci\u00f3 en contra de la desocupaci\u00f3 d\u2019una nau industrial de la zona de Poblenou. Mentre es mostra aquesta imatge ell explicava el proc\u00e9s de desocupaci\u00f3 que ell mateix va viure en la seva pr\u00f2pia pell.  En definitiva, un plaer! Fes<strong><a href=\"https:\/\/www.youtube.com\/watch?v=_5a6T1xuVrE&amp;list=UUsm0Wc6aNPK432NCi8Wz4Qw\" target=\"_blank\" rel=\"noopener\"> clic aqu\u00ed <\/a><\/strong>per veure el resultat de la primera edici\u00f3 del taller, a partir del setembre tindrem els resultats de la segona edici\u00f3 .  <a href=\"https:\/\/comtal.org\/wp-content\/uploads\/video-1-minut.png\"><img loading=\"lazy\" decoding=\"async\" class=\"alignleft  wp-image-1010\" alt=\"video 1 minut\" src=\"https:\/\/comtal.org\/wp-content\/uploads\/video-1-minut.png\" width=\"538\" height=\"251\" \/><\/a>  &nbsp;<\/p>\n","protected":false},"excerpt":{"rendered":"<p>Com a talleristes del \u201ctaller del v\u00eddeo del Minut\u201d realitzat per Drac M\u00e0gic durant el mes de juliol del 2014 amb els joves de la Fundaci\u00f3 Comtal, ens agradaria fer [&hellip;]<\/p>\n","protected":false},"author":2,"featured_media":2145,"comment_status":"closed","ping_status":"closed","sticky":false,"template":"","format":"standard","meta":{"footnotes":""},"categories":[277],"tags":[],"class_list":["post-13309","post","type-post","status-publish","format-standard","has-post-thumbnail","hentry","category-testimonials"],"_links":{"self":[{"href":"https:\/\/comtal.org\/es\/wp-json\/wp\/v2\/posts\/13309","targetHints":{"allow":["GET"]}}],"collection":[{"href":"https:\/\/comtal.org\/es\/wp-json\/wp\/v2\/posts"}],"about":[{"href":"https:\/\/comtal.org\/es\/wp-json\/wp\/v2\/types\/post"}],"author":[{"embeddable":true,"href":"https:\/\/comtal.org\/es\/wp-json\/wp\/v2\/users\/2"}],"replies":[{"embeddable":true,"href":"https:\/\/comtal.org\/es\/wp-json\/wp\/v2\/comments?post=13309"}],"version-history":[{"count":1,"href":"https:\/\/comtal.org\/es\/wp-json\/wp\/v2\/posts\/13309\/revisions"}],"predecessor-version":[{"id":13386,"href":"https:\/\/comtal.org\/es\/wp-json\/wp\/v2\/posts\/13309\/revisions\/13386"}],"wp:featuredmedia":[{"embeddable":true,"href":"https:\/\/comtal.org\/es\/wp-json\/wp\/v2\/media\/2145"}],"wp:attachment":[{"href":"https:\/\/comtal.org\/es\/wp-json\/wp\/v2\/media?parent=13309"}],"wp:term":[{"taxonomy":"category","embeddable":true,"href":"https:\/\/comtal.org\/es\/wp-json\/wp\/v2\/categories?post=13309"},{"taxonomy":"post_tag","embeddable":true,"href":"https:\/\/comtal.org\/es\/wp-json\/wp\/v2\/tags?post=13309"}],"curies":[{"name":"wp","href":"https:\/\/api.w.org\/{rel}","templated":true}]}}