{"id":13307,"date":"2014-07-01T00:00:00","date_gmt":"2014-07-01T00:00:00","guid":{"rendered":"https:\/\/comtal.org\/paraules-de-reconeixement\/"},"modified":"2016-10-31T13:39:51","modified_gmt":"2016-10-31T13:39:51","slug":"paraules-de-reconeixement","status":"publish","type":"post","link":"https:\/\/comtal.org\/es\/paraules-de-reconeixement\/","title":{"rendered":"Paraules de reconeixement"},"content":{"rendered":"<p>Ara fa quasi un mes v\u00e0rem rebre, despr\u00e9s de la celebraci\u00f3 de l&#8217;Acte del 20\u00e8 Aniversari, una carta escrita a m\u00e0, quina il\u00b7lusi\u00f3, del Jos\u00e9 Juan Gustems, antic voluntari de la Fundaci\u00f3. Les seves paraules de reconeixement ens van reconfortar tant, que hem decidit amb el seu consentiment transcriure les seves paraules per compartir-les amb vosaltres.  &nbsp;  <span style=\"color: #000000;\"><em>Vull aprofitar la celebraci\u00f3 del 20\u00e8 Aniversari de la Fundaci\u00f3 per enviar-vos quatre l\u00ednies d&#8217;agra\u00efment i felicitaci\u00f3.<\/em><\/span>  <span style=\"color: #000000;\"><em>D&#8217;una banda, gr\u00e0cies per haver-me convidat a la celebraci\u00f3 del 21 de maig. Em va agradar molt tornar a veure-us, encara que molt fuga\u00e7ment i comprovar que aquell projecte educatiu d&#8217;ara fa vint anys tira endavant. Em vaig emocionar al sentir-me part de la hist\u00f2ria de la Fundaci\u00f3 aportant el meu granet de sorra. <\/em><\/span>  <span style=\"color: #000000;\"><em>Per tant, gr\u00e0cies per donar-me l&#8217;oportunitat de fer de professor de matem\u00e0tiques durant gaireb\u00e9 10 anys (1996-2005). \u00a0Em va agradar molt fer aquella feina i vaig gaudir-ne molt.<\/em><\/span>  <span style=\"color: #000000;\"><em>D&#8217;altra banda, felicitar la Fundaci\u00f3 com a entitat per continuar amb el projecte i haver crescut i haver-se consolidat com a referent de feina ben feta al barri i a la ciutat.<\/em><\/span>  <span style=\"color: #000000;\"><em>Estic molt content que hagueu fet 20 anys i tant de bo en feu molts m\u00e9s!<\/em><\/span>  <span style=\"color: #000000;\"><em>Un cop m\u00e9s moltes gr\u00e0cies i felicitats.<\/em><\/span>  <span style=\"color: #000000;\"><em>Una abra\u00e7ada forta i fins aviat.<\/em><\/span>  <span style=\"color: #000000;\"><em>Jos\u00e9 Juan Gustems<\/em><\/span>  &nbsp;<\/p>\n","protected":false},"excerpt":{"rendered":"<p>Ara fa quasi un mes v\u00e0rem rebre, despr\u00e9s de la celebraci\u00f3 de l&#8217;Acte del 20\u00e8 Aniversari, una carta escrita a m\u00e0, quina il\u00b7lusi\u00f3, del Jos\u00e9 Juan Gustems, antic voluntari de [&hellip;]<\/p>\n","protected":false},"author":2,"featured_media":13308,"comment_status":"closed","ping_status":"closed","sticky":false,"template":"","format":"standard","meta":{"footnotes":""},"categories":[277],"tags":[],"class_list":["post-13307","post","type-post","status-publish","format-standard","has-post-thumbnail","hentry","category-testimonials"],"_links":{"self":[{"href":"https:\/\/comtal.org\/es\/wp-json\/wp\/v2\/posts\/13307","targetHints":{"allow":["GET"]}}],"collection":[{"href":"https:\/\/comtal.org\/es\/wp-json\/wp\/v2\/posts"}],"about":[{"href":"https:\/\/comtal.org\/es\/wp-json\/wp\/v2\/types\/post"}],"author":[{"embeddable":true,"href":"https:\/\/comtal.org\/es\/wp-json\/wp\/v2\/users\/2"}],"replies":[{"embeddable":true,"href":"https:\/\/comtal.org\/es\/wp-json\/wp\/v2\/comments?post=13307"}],"version-history":[{"count":1,"href":"https:\/\/comtal.org\/es\/wp-json\/wp\/v2\/posts\/13307\/revisions"}],"predecessor-version":[{"id":13387,"href":"https:\/\/comtal.org\/es\/wp-json\/wp\/v2\/posts\/13307\/revisions\/13387"}],"wp:featuredmedia":[{"embeddable":true,"href":"https:\/\/comtal.org\/es\/wp-json\/wp\/v2\/media\/13308"}],"wp:attachment":[{"href":"https:\/\/comtal.org\/es\/wp-json\/wp\/v2\/media?parent=13307"}],"wp:term":[{"taxonomy":"category","embeddable":true,"href":"https:\/\/comtal.org\/es\/wp-json\/wp\/v2\/categories?post=13307"},{"taxonomy":"post_tag","embeddable":true,"href":"https:\/\/comtal.org\/es\/wp-json\/wp\/v2\/tags?post=13307"}],"curies":[{"name":"wp","href":"https:\/\/api.w.org\/{rel}","templated":true}]}}