{"id":13305,"date":"2014-04-25T00:00:00","date_gmt":"2014-04-25T00:00:00","guid":{"rendered":"https:\/\/comtal.org\/apostem-per-laprenentatge-servei\/"},"modified":"2016-10-31T13:39:51","modified_gmt":"2016-10-31T13:39:51","slug":"apostem-per-laprenentatge-servei","status":"publish","type":"post","link":"https:\/\/comtal.org\/es\/apostem-per-laprenentatge-servei\/","title":{"rendered":"Apostem per l&#8217;aprenentatge-servei"},"content":{"rendered":"<p style=\"text-align: center;\"><a href=\"https:\/\/comtal.org\/wp-content\/uploads\/DSC_0012.jpg\"><img loading=\"lazy\" decoding=\"async\" class=\" wp-image-983 aligncenter\" alt=\"DSC_0012\" src=\"https:\/\/comtal.org\/wp-content\/uploads\/DSC_0012.jpg\" width=\"491\" height=\"326\" \/><\/a><\/p>\n<p style=\"text-align: left;\">Amb el Santiago, el Tito i els Victors Ochoa i Naveira, estudiants de 4rt de la ESO de La Salle Bonanova, em vaig trobar a la Sala \u00d2mnia de la Fundaci\u00f3 Comtal, una estona abans de que comenc\u00e9s una de les classes que s\u2019havien preparat amb l\u2019Elvira, dinamitzadora de l\u2019espai.<\/p>\n<p style=\"text-align: left;\">La classe que estava a punt de comen\u00e7ar, sobre el Word, estava dirigida a un grup de joves i adults amb pocs coneixements d\u2019inform\u00e0tica, per ajudar-los a millorar les seves compet\u00e8ncies en tecnologies de la informaci\u00f3.<\/p>\n<p style=\"text-align: left;\">Un mes abans el grup de joves de La Salle va haver de decidir, en el marc del FAIG, amb quin projecte volien col\u00b7laborar per posar en pr\u00e0ctica l\u2019aprenentatge-servei, d\u2019entre una s\u00e8rie de projectes presentats per diferents entitats socials. Els hi va cridar l\u2019atenci\u00f3 el nostre, \u201cper fer un curs sobre tecnologies de la informaci\u00f3\u201d, i els hi motivava el fet de poder ensenyar, canviant el rol que exerceixen normalment a l\u2019escola.<\/p>\n<p style=\"text-align: left;\">El repte que els hi v\u00e0rem plantejar consistia en dissenyar i impartir una taller de formaci\u00f3\u00a0b\u00e0sica per aprendre a utilitzar l\u2019ordinador, al llarg de 6 sessions.<\/p>\n<p style=\"text-align: left;\">La primera sorpresa se la van endur quan van veure que la formaci\u00f3 anava adre\u00e7ada a adults enlloc de nens, i que haurien d\u2019ensenyar a persones m\u00e9s grans que ells. Encara que estaven una mica nerviosos, la primera sessi\u00f3 va anar b\u00e9, i poc a poc van anar encaixant les necessitats i la manera de fer dels alumnes i la seva.<\/p>\n<p style=\"text-align: left;\">Quan els hi vaig preguntar com valoraven l\u2019experi\u00e8ncia, em van comentar que \u201ctots ens enduem alguna cosa, tant per la relaci\u00f3 que hem establert amb els alumnes, com pel fet d\u2019organitzar les classes, planificar-les i resoldre els mil i un imprevistos que han anat sorgint\u201d. La veritat \u00e9s que \u00e9s precisament aix\u00f2 el que ens diuen molts dels voluntaris i col\u00b7laboradors que passen per la Fundaci\u00f3. Venen pensant que ajudaran a alg\u00fa en alguna cosa, que aportaran el seu granet de sorra, i se\u2019n van amb la sensaci\u00f3 de que tamb\u00e9 s\u2019emporten molt, de vegades incl\u00fas m\u00e9s del que han donat.<\/p>\n<p style=\"text-align: left;\">\u00a0Santiago, Tito i Victors Ochoa i Naveira, gr\u00e0cies per tot!<\/p>\n<p style=\"text-align: left;\"><em>Ainara Garc\u00eda, Fundaci\u00f3 Comtal<\/em><\/p>\n","protected":false},"excerpt":{"rendered":"<p>Amb el Santiago, el Tito i els Victors Ochoa i Naveira, estudiants de 4rt de la ESO de La Salle Bonanova, em vaig trobar a la Sala \u00d2mnia de la [&hellip;]<\/p>\n","protected":false},"author":2,"featured_media":0,"comment_status":"closed","ping_status":"closed","sticky":false,"template":"","format":"standard","meta":{"footnotes":""},"categories":[277],"tags":[],"class_list":["post-13305","post","type-post","status-publish","format-standard","hentry","category-testimonials"],"_links":{"self":[{"href":"https:\/\/comtal.org\/es\/wp-json\/wp\/v2\/posts\/13305","targetHints":{"allow":["GET"]}}],"collection":[{"href":"https:\/\/comtal.org\/es\/wp-json\/wp\/v2\/posts"}],"about":[{"href":"https:\/\/comtal.org\/es\/wp-json\/wp\/v2\/types\/post"}],"author":[{"embeddable":true,"href":"https:\/\/comtal.org\/es\/wp-json\/wp\/v2\/users\/2"}],"replies":[{"embeddable":true,"href":"https:\/\/comtal.org\/es\/wp-json\/wp\/v2\/comments?post=13305"}],"version-history":[{"count":1,"href":"https:\/\/comtal.org\/es\/wp-json\/wp\/v2\/posts\/13305\/revisions"}],"predecessor-version":[{"id":13390,"href":"https:\/\/comtal.org\/es\/wp-json\/wp\/v2\/posts\/13305\/revisions\/13390"}],"wp:attachment":[{"href":"https:\/\/comtal.org\/es\/wp-json\/wp\/v2\/media?parent=13305"}],"wp:term":[{"taxonomy":"category","embeddable":true,"href":"https:\/\/comtal.org\/es\/wp-json\/wp\/v2\/categories?post=13305"},{"taxonomy":"post_tag","embeddable":true,"href":"https:\/\/comtal.org\/es\/wp-json\/wp\/v2\/tags?post=13305"}],"curies":[{"name":"wp","href":"https:\/\/api.w.org\/{rel}","templated":true}]}}