{"id":13303,"date":"2014-06-19T00:00:00","date_gmt":"2014-06-19T00:00:00","guid":{"rendered":"https:\/\/comtal.org\/transformar-i-dibuixar-un-futur-millor\/"},"modified":"2016-10-31T13:39:51","modified_gmt":"2016-10-31T13:39:51","slug":"transformar-i-dibuixar-un-futur-millor","status":"publish","type":"post","link":"https:\/\/comtal.org\/es\/transformar-i-dibuixar-un-futur-millor\/","title":{"rendered":"Transformar i dibuixar un futur millor"},"content":{"rendered":"<p style=\"text-align: center;\"><a href=\"https:\/\/comtal.org\/wp-content\/uploads\/Foto-forat.jpg\"><img loading=\"lazy\" decoding=\"async\" class=\"size-full wp-image-975 aligncenter\" alt=\"Foto forat\" src=\"https:\/\/comtal.org\/wp-content\/uploads\/Foto-forat.jpg\" width=\"500\" height=\"375\" \/><\/a><\/p>\n<p style=\"text-align: left;\">De mirades n\u2019hi ha de molts tipus, per\u00f2 quan ens trobem amb persones sensibles amb l\u2019entorn que ens envolta, aquesta mirada s\u2019omple d\u2019esperit i es tradueix en ganes de ser part\u00edcips, de sumar per construir entorn, transformar i dibuixar un futur millor.<\/p>\n<p style=\"text-align: left;\">L\u2019entorn que ens envolta \u00e9s el Casc Antic de Barcelona, un barri amb molta diversitat cultural i un dinamisme caracter\u00edstic, on es posa de manifest el contrast de diverses realitats i cultures, formes de ser i de fer diferents. Hist\u00f2ricament, aquest barri ha estat porta d\u2019entrada de nous ciutadans que arribaven a Barcelona. La integraci\u00f3 social d\u2019aquests col\u00b7lectius, juntament amb les persones que sempre havien viscut al barri no era f\u00e0cil. Per aix\u00f2, ara fa 20 anys, un grup de persones van posar fil a l\u2019agulla i van comen\u00e7ar a fer refor\u00e7 escolar pels infants que ho necessitaven, acompanyant-los a trav\u00e9s del suport educatiu a un pis de Sant Pere m\u00e9s Baix. Despr\u00e9s, es va comen\u00e7ar a oferir tamb\u00e9 assessorament i orientaci\u00f3 sociolaboral perqu\u00e8 els joves i les fam\u00edlies poguessin millorar la seva situaci\u00f3.<\/p>\n<p style=\"text-align: left;\">Poc a poc el projecte de la Fundaci\u00f3 Comtal es va anar arrelant al barri, i es va convertir en una entitat de refer\u00e8ncia. El que ens movia i ens mou encara ara, i el que ens fa cr\u00e9ixer \u00e9s aconseguir, a trav\u00e9s de l\u2019educaci\u00f3, la inclusi\u00f3 social i laboral en igualtat d\u2019oportunitats. Aquest \u00e9s el nostre comprom\u00eds i el nostre repte, pel que treballem fent la feina ben feta, d\u2019acord amb la nostra missi\u00f3, i gr\u00e0cies a la col\u00b7laboraci\u00f3 de tot l\u2019equip hum\u00e0, de La Salle, de les administracions, les entitats, les escoles, les empreses, el patronat, el personal remunerat i el gran grup de voluntaris i persones en pr\u00e0ctiques.<\/p>\n<p> Sense la suma d\u2019esfor\u00e7os el treball diari no seria possible. Per aix\u00f2 obrim b\u00e9 les portes, i fem una crida a la participaci\u00f3 perqu\u00e8 totes les persones que vulguin i puguin comprometre\u2019s de forma volunt\u00e0ria, altruista i solid\u00e0ria, ho facin amb nosaltres.  <em>Comissi\u00f3 de voluntaris de la Fundaci\u00f3 Comtal<\/em><\/p>\n","protected":false},"excerpt":{"rendered":"<p>De mirades n\u2019hi ha de molts tipus, per\u00f2 quan ens trobem amb persones sensibles amb l\u2019entorn que ens envolta, aquesta mirada s\u2019omple d\u2019esperit i es tradueix en ganes de ser [&hellip;]<\/p>\n","protected":false},"author":2,"featured_media":0,"comment_status":"closed","ping_status":"closed","sticky":false,"template":"","format":"standard","meta":{"footnotes":""},"categories":[277],"tags":[],"class_list":["post-13303","post","type-post","status-publish","format-standard","hentry","category-testimonials"],"_links":{"self":[{"href":"https:\/\/comtal.org\/es\/wp-json\/wp\/v2\/posts\/13303","targetHints":{"allow":["GET"]}}],"collection":[{"href":"https:\/\/comtal.org\/es\/wp-json\/wp\/v2\/posts"}],"about":[{"href":"https:\/\/comtal.org\/es\/wp-json\/wp\/v2\/types\/post"}],"author":[{"embeddable":true,"href":"https:\/\/comtal.org\/es\/wp-json\/wp\/v2\/users\/2"}],"replies":[{"embeddable":true,"href":"https:\/\/comtal.org\/es\/wp-json\/wp\/v2\/comments?post=13303"}],"version-history":[{"count":1,"href":"https:\/\/comtal.org\/es\/wp-json\/wp\/v2\/posts\/13303\/revisions"}],"predecessor-version":[{"id":13388,"href":"https:\/\/comtal.org\/es\/wp-json\/wp\/v2\/posts\/13303\/revisions\/13388"}],"wp:attachment":[{"href":"https:\/\/comtal.org\/es\/wp-json\/wp\/v2\/media?parent=13303"}],"wp:term":[{"taxonomy":"category","embeddable":true,"href":"https:\/\/comtal.org\/es\/wp-json\/wp\/v2\/categories?post=13303"},{"taxonomy":"post_tag","embeddable":true,"href":"https:\/\/comtal.org\/es\/wp-json\/wp\/v2\/tags?post=13303"}],"curies":[{"name":"wp","href":"https:\/\/api.w.org\/{rel}","templated":true}]}}