{"id":13301,"date":"2014-05-22T00:00:00","date_gmt":"2014-05-22T00:00:00","guid":{"rendered":"https:\/\/comtal.org\/admiracio\/"},"modified":"2016-10-31T13:39:51","modified_gmt":"2016-10-31T13:39:51","slug":"admiracio","status":"publish","type":"post","link":"https:\/\/comtal.org\/es\/admiracio\/","title":{"rendered":"Admiraci\u00f3"},"content":{"rendered":"<p><a href=\"https:\/\/comtal.org\/wp-content\/uploads\/041-BORN.jpg\"><img loading=\"lazy\" decoding=\"async\" class=\"alignleft  wp-image-952\" alt=\"041 BORN\" src=\"https:\/\/comtal.org\/wp-content\/uploads\/041-BORN.jpg\" width=\"530\" height=\"355\" \/><\/a>  &nbsp;  &nbsp;  &nbsp;  &nbsp;  &nbsp;  &nbsp;  &nbsp;  &nbsp;  &nbsp;  &nbsp;  &nbsp;  &nbsp;  &nbsp;  &nbsp;  El dia 21 de maig es va celebrar el 20\u00e8 aniversari de la Fundaci\u00f3 Comtal. L\u2019acte central de celebraci\u00f3 va comptar amb la pres\u00e8ncia de diferents autoritats i experts en el m\u00f3n de l\u2019educaci\u00f3.  Va ser un acte bonic. Entranyable. Ple de petits detalls i paraules amables de totes les persones que hi van intervenir i de les que van assistir a l\u2019acte.  Molts sentiments es barrejaven al mirar enrere, per tota la feina feta. I tamb\u00e9 al mirar endavant, per tots els reptes pendents. Agra\u00efment, valentia, const\u00e0ncia i, fins i tot, inconsci\u00e8ncia han estat elements clau per convertir una inquietud en un projecte de millora de la qualitat de vida de les persones m\u00e9s vulnerables.  Una sensaci\u00f3 que, inicialment no identificava i, despr\u00e9s vaig entendre, qu\u00e8 era: admiraci\u00f3.  Admiraci\u00f3 per <b>aquells voluntaris que ens havien acompanyat a l\u2019inici<\/b>, quan tot era petit per\u00f2 ja s\u2019atenia als infants que no tenien on anar despr\u00e9s de l\u2019escola i als joves que no havien vist mai un ordinador. Aquells voluntaris, 10 anys m\u00e9s tard, van estar tamb\u00e9 presents.  Admiraci\u00f3 per les paraules dels <b>voluntaris actuals<\/b>, que dediquen una part del seu jo a fer que el jo dels altres sigui millor.  Admiraci\u00f3 per <b>l\u2019equip de professionals<\/b> que ho d\u00f3na tot. Que fa de la seva feina una vocaci\u00f3 de vida i \u2013des del cor!- treballen per donar eines als infants i joves per ser protagonistes del seu futur.  Admiraci\u00f3 per les <b>persones que han passat pel Patronat<\/b> en algun moment. La seva petjada \u2013i el seu record- continuen sent presents en les reunions, en la feina i en la forma de fer i ser de l\u2019entitat.  Admiraci\u00f3 per la feina incansable dels <b>Germans de La Salle<\/b>. Amb el seu acompanyament, la seva pres\u00e8ncia constant i la serenor de paraules.  Admiraci\u00f3 pels <b>infants i joves<\/b> que s\u00ed, que creuen que ells poden. Nom\u00e9s els hi cal trobar el cam\u00ed i la m\u00e0 amiga que els acompanyi en els primers passos.  Admiraci\u00f3 pels <b>col\u00b7laboradors econ\u00f2mics<\/b> \u2013individuals, empreses i institucions- que fan que els projectes siguin una realitat. Cada euro invertit creix exponencialment.  Admiraci\u00f3 pels <b>companys de Patronat<\/b>, per la seva implicaci\u00f3 i mirada constant en el futur incert. Segurs que de qui t\u00e9 un per qu\u00e8 acaba trobant tots els coms.  Admiraci\u00f3 per aquelles <b>persones tossudes<\/b> que, tot i els obstacles, no han parat mai de lluitar per un projecte que vol un m\u00f3n millor.  Admiraci\u00f3 per tots els <b>companys de cam\u00ed<\/b> que ens hem anat trobant: persones d\u2019altres entitats, professionals i voluntaris que han passat per l\u2019entitat, germans, amics, coneguts,&#8230; Sempre tant a prop.  A tots i a cadascun de vosaltres, en nom propi i en nom del Patronat, moltes gr\u00e0cies per transformar vides des de l\u2019educaci\u00f3.  &nbsp;  Irene Borr\u00e0s,\u00a0Patronat Fundaci\u00f3 Comtal<\/p>\n","protected":false},"excerpt":{"rendered":"<p>&nbsp; &nbsp; &nbsp; &nbsp; &nbsp; &nbsp; &nbsp; &nbsp; &nbsp; &nbsp; &nbsp; &nbsp; &nbsp; &nbsp; El dia 21 de maig es va celebrar el 20\u00e8 aniversari de la Fundaci\u00f3 Comtal. L\u2019acte [&hellip;]<\/p>\n","protected":false},"author":2,"featured_media":13302,"comment_status":"closed","ping_status":"closed","sticky":false,"template":"","format":"standard","meta":{"footnotes":""},"categories":[277],"tags":[],"class_list":["post-13301","post","type-post","status-publish","format-standard","has-post-thumbnail","hentry","category-testimonials"],"_links":{"self":[{"href":"https:\/\/comtal.org\/es\/wp-json\/wp\/v2\/posts\/13301","targetHints":{"allow":["GET"]}}],"collection":[{"href":"https:\/\/comtal.org\/es\/wp-json\/wp\/v2\/posts"}],"about":[{"href":"https:\/\/comtal.org\/es\/wp-json\/wp\/v2\/types\/post"}],"author":[{"embeddable":true,"href":"https:\/\/comtal.org\/es\/wp-json\/wp\/v2\/users\/2"}],"replies":[{"embeddable":true,"href":"https:\/\/comtal.org\/es\/wp-json\/wp\/v2\/comments?post=13301"}],"version-history":[{"count":1,"href":"https:\/\/comtal.org\/es\/wp-json\/wp\/v2\/posts\/13301\/revisions"}],"predecessor-version":[{"id":13389,"href":"https:\/\/comtal.org\/es\/wp-json\/wp\/v2\/posts\/13301\/revisions\/13389"}],"wp:featuredmedia":[{"embeddable":true,"href":"https:\/\/comtal.org\/es\/wp-json\/wp\/v2\/media\/13302"}],"wp:attachment":[{"href":"https:\/\/comtal.org\/es\/wp-json\/wp\/v2\/media?parent=13301"}],"wp:term":[{"taxonomy":"category","embeddable":true,"href":"https:\/\/comtal.org\/es\/wp-json\/wp\/v2\/categories?post=13301"},{"taxonomy":"post_tag","embeddable":true,"href":"https:\/\/comtal.org\/es\/wp-json\/wp\/v2\/tags?post=13301"}],"curies":[{"name":"wp","href":"https:\/\/api.w.org\/{rel}","templated":true}]}}