{"id":13299,"date":"2014-03-20T00:00:00","date_gmt":"2014-03-20T00:00:00","guid":{"rendered":"https:\/\/comtal.org\/hem-apres-a-escoltar\/"},"modified":"2016-10-31T13:39:52","modified_gmt":"2016-10-31T13:39:52","slug":"hem-apres-a-escoltar","status":"publish","type":"post","link":"https:\/\/comtal.org\/es\/hem-apres-a-escoltar\/","title":{"rendered":"Hem apr\u00e8s a escoltar?"},"content":{"rendered":"<p><a href=\"https:\/\/comtal.org\/wp-content\/uploads\/escoltaactiva.jpg\"><img loading=\"lazy\" decoding=\"async\" class=\" wp-image-941 alignleft\" alt=\"escoltaactiva\" src=\"https:\/\/comtal.org\/wp-content\/uploads\/escoltaactiva.jpg\" width=\"210\" height=\"314\" \/><\/a>Quan comparteixes el teu coneixement aquest es multiplica, s\u2019ordena, es transforma i agafa formes que mai ning\u00fa havia pogut imaginar. Aix\u00f2 \u00e9s el que ens va passar a tots els assistents a la sessi\u00f3 de la Maria Conxa sobre escolta activa de la que vam poder gaudir el passat dissabte 22 de febrer, al mat\u00ed. Ens vam trobar un grup de voluntaris\/es, treballadors\/es i estudiants de pr\u00e0ctiques, una part de l&#8217;equip hum\u00e0 de la Fundaci\u00f3, per endinsar-nos en el m\u00f3n de l\u2019escolta.  En la sessi\u00f3, tots est\u00e0vem amb actitud de deixar-nos sorprendre. Es respirava en l\u2019ambient les ganes d\u2019aprendre coses noves, de poder obrir una porta a la forma en que tenim d\u2019adre\u00e7ar-nos als infants, adolescents i joves amb que intervenim cada dia. Vam fer din\u00e0miques, vam riure, vam poder expressar el que pens\u00e0vem, vam aprendre a compartir i, sobretot, all\u00f2 m\u00e9s dif\u00edcil, vam aprendre a escoltar\u2026 Per\u00f2, en vam aprendre realment? Quan es triga en saber-ne? Durant el taller em feia preguntes i, quan marxava cap a casa,\u00a0 pensava que en el nostre camp d\u2019atenci\u00f3 a les persones, amb els entorns i situacions que acompanyen els seu dia a dia, all\u00f2 que havia passat aquell mat\u00ed era molt important.  Perqu\u00e8 s\u2019adrecen a nosaltres les persones que cada dia ens visiten? Quin \u00e9s el motiu? Pensava en la nostra missi\u00f3 com a entitat i em sentia orgullosa de poder regalar cada dia a trav\u00e9s de l\u2019acompanyament educatiu i l\u2019orientaci\u00f3 laboral, el m\u00e9s apreciat dels tresors, unes orelles que escolten a la persona quan ve a nosaltres. Unes orelles que permeten trobar un espai on poder expressar i compartir vida amb nosaltres.  Espai tan necessari per a tots, sense distinci\u00f3 alguna.  Obrim les orelles.  Mireia Ferr\u00e9, responsable de voluntariat<\/p>\n","protected":false},"excerpt":{"rendered":"<p>Quan comparteixes el teu coneixement aquest es multiplica, s\u2019ordena, es transforma i agafa formes que mai ning\u00fa havia pogut imaginar. Aix\u00f2 \u00e9s el que ens va passar a tots els [&hellip;]<\/p>\n","protected":false},"author":2,"featured_media":0,"comment_status":"closed","ping_status":"closed","sticky":false,"template":"","format":"standard","meta":{"footnotes":""},"categories":[277],"tags":[],"class_list":["post-13299","post","type-post","status-publish","format-standard","hentry","category-testimonials"],"_links":{"self":[{"href":"https:\/\/comtal.org\/es\/wp-json\/wp\/v2\/posts\/13299","targetHints":{"allow":["GET"]}}],"collection":[{"href":"https:\/\/comtal.org\/es\/wp-json\/wp\/v2\/posts"}],"about":[{"href":"https:\/\/comtal.org\/es\/wp-json\/wp\/v2\/types\/post"}],"author":[{"embeddable":true,"href":"https:\/\/comtal.org\/es\/wp-json\/wp\/v2\/users\/2"}],"replies":[{"embeddable":true,"href":"https:\/\/comtal.org\/es\/wp-json\/wp\/v2\/comments?post=13299"}],"version-history":[{"count":1,"href":"https:\/\/comtal.org\/es\/wp-json\/wp\/v2\/posts\/13299\/revisions"}],"predecessor-version":[{"id":13391,"href":"https:\/\/comtal.org\/es\/wp-json\/wp\/v2\/posts\/13299\/revisions\/13391"}],"wp:attachment":[{"href":"https:\/\/comtal.org\/es\/wp-json\/wp\/v2\/media?parent=13299"}],"wp:term":[{"taxonomy":"category","embeddable":true,"href":"https:\/\/comtal.org\/es\/wp-json\/wp\/v2\/categories?post=13299"},{"taxonomy":"post_tag","embeddable":true,"href":"https:\/\/comtal.org\/es\/wp-json\/wp\/v2\/tags?post=13299"}],"curies":[{"name":"wp","href":"https:\/\/api.w.org\/{rel}","templated":true}]}}