{"id":13295,"date":"2014-01-07T00:00:00","date_gmt":"2014-01-07T00:00:00","guid":{"rendered":"https:\/\/comtal.org\/il%c2%b7lusions-i-somnis-fets-realitat\/"},"modified":"2016-10-31T13:39:52","modified_gmt":"2016-10-31T13:39:52","slug":"il%c2%b7lusions-i-somnis-fets-realitat","status":"publish","type":"post","link":"https:\/\/comtal.org\/es\/il%c2%b7lusions-i-somnis-fets-realitat\/","title":{"rendered":"Il\u00b7lusions i somnis fets realitat"},"content":{"rendered":"<p style=\"text-align: center;\"><a href=\"https:\/\/comtal.org\/wp-content\/uploads\/Carta-reis.jpg\"><img loading=\"lazy\" decoding=\"async\" class=\"aligncenter  wp-image-925\" alt=\"Carta reis\" src=\"https:\/\/comtal.org\/wp-content\/uploads\/Carta-reis.jpg\" width=\"521\" height=\"614\" \/><\/a><\/p>\n<p> &nbsp;  Ha estat un Nadal especial, ple d&#8217;il\u00b7lusions fetes realitat. Moltes ja s\u00f3n tradici\u00f3 de la \u00abcasa\u00bb, com la preparaci\u00f3 del Nadal amb una din\u00e0mica d&#8217;advent, el cagati\u00f3, el sopar de Nadal i la celebraci\u00f3 dels reis. Aquest any els nens estaven il\u00b7lusionad\u00edssims, ja que ens van portar els regals que havien escrit els nens i joves a la carta de reis &#8230; \ud83d\ude09  Aquest any ha estat tamb\u00e9 especial perqu\u00e8 hem menjat tots els nens del Crae amb l&#8217;equip de la Fundaci\u00f3, hem pogut anar de cap d&#8217;any a les fonts de Montju\u00efc, i a caminar pel Cam\u00ed de les Aig\u00fces, a la piscina coberta&#8230; Els nens havien demanat tamb\u00e9 anar a l\u2019skating, i dos dies a la neu a la Molina, i el somni tamb\u00e9 s&#8217;ha pogut fer realitat. Baixar en trineu, fer ninots de neu, estar a la muntanya &#8230;  Gr\u00e0cies, de tot cor, per fer-ho possible!  &nbsp;  <strong>Laura Rodr\u00edguez, educadora del Centre Residencial d\u2019Acci\u00f3 Educativa<\/strong><\/p>\n","protected":false},"excerpt":{"rendered":"<p>&nbsp; Ha estat un Nadal especial, ple d&#8217;il\u00b7lusions fetes realitat. Moltes ja s\u00f3n tradici\u00f3 de la \u00abcasa\u00bb, com la preparaci\u00f3 del Nadal amb una din\u00e0mica d&#8217;advent, el cagati\u00f3, el sopar [&hellip;]<\/p>\n","protected":false},"author":2,"featured_media":0,"comment_status":"closed","ping_status":"closed","sticky":false,"template":"","format":"standard","meta":{"footnotes":""},"categories":[277],"tags":[],"class_list":["post-13295","post","type-post","status-publish","format-standard","hentry","category-testimonials"],"_links":{"self":[{"href":"https:\/\/comtal.org\/es\/wp-json\/wp\/v2\/posts\/13295","targetHints":{"allow":["GET"]}}],"collection":[{"href":"https:\/\/comtal.org\/es\/wp-json\/wp\/v2\/posts"}],"about":[{"href":"https:\/\/comtal.org\/es\/wp-json\/wp\/v2\/types\/post"}],"author":[{"embeddable":true,"href":"https:\/\/comtal.org\/es\/wp-json\/wp\/v2\/users\/2"}],"replies":[{"embeddable":true,"href":"https:\/\/comtal.org\/es\/wp-json\/wp\/v2\/comments?post=13295"}],"version-history":[{"count":1,"href":"https:\/\/comtal.org\/es\/wp-json\/wp\/v2\/posts\/13295\/revisions"}],"predecessor-version":[{"id":13394,"href":"https:\/\/comtal.org\/es\/wp-json\/wp\/v2\/posts\/13295\/revisions\/13394"}],"wp:attachment":[{"href":"https:\/\/comtal.org\/es\/wp-json\/wp\/v2\/media?parent=13295"}],"wp:term":[{"taxonomy":"category","embeddable":true,"href":"https:\/\/comtal.org\/es\/wp-json\/wp\/v2\/categories?post=13295"},{"taxonomy":"post_tag","embeddable":true,"href":"https:\/\/comtal.org\/es\/wp-json\/wp\/v2\/tags?post=13295"}],"curies":[{"name":"wp","href":"https:\/\/api.w.org\/{rel}","templated":true}]}}