{"id":13292,"date":"2013-11-29T00:00:00","date_gmt":"2013-11-29T00:00:00","guid":{"rendered":"https:\/\/comtal.org\/el-meu-repte-es-que-millorin-cada-dia\/"},"modified":"2016-10-31T13:39:52","modified_gmt":"2016-10-31T13:39:52","slug":"el-meu-repte-es-que-millorin-cada-dia","status":"publish","type":"post","link":"https:\/\/comtal.org\/es\/el-meu-repte-es-que-millorin-cada-dia\/","title":{"rendered":"El meu repte \u00e9s que millorin cada dia"},"content":{"rendered":"<p><a href=\"https:\/\/comtal.org\/wp-content\/uploads\/Marta-Mayenco-foto.jpg\"><img loading=\"lazy\" decoding=\"async\" class=\"alignright size-thumbnail wp-image-909\" alt=\"Marta Mayenco foto\" src=\"https:\/\/comtal.org\/wp-content\/uploads\/Marta-Mayenco-foto.jpg\" width=\"150\" height=\"150\" \/><\/a>De vegades a la vida s\u2019acaba una etapa per comen\u00e7ar una altre. Vaig estudiar filologia catalana per treballar de professora de llengua catalana i literatura durant 20 anys, a secund\u00e0ria. Per\u00f2 la salut em va jugar una mala passada, i vaig haver de deixar la meva professi\u00f3 i vocaci\u00f3, la d\u2019ensenyar. Les ganes d\u2019exercir, de fer coses, d\u2019ensenyar, estaven tant presents en el meu dia a dia, que vaig informar-me sobre el voluntariat per poder continuar amb la meva passi\u00f3 i comen\u00e7ar una nova etapa. Va ser llavors quan vaig con\u00e8ixer la Fundaci\u00f3 Comtal.  La Montse, coordinadora del programa de voluntariat aleshores, em va entrevistar, i vaig comen\u00e7ar a fer refor\u00e7 escolar individualitzat a un grup de nens i nenes de prim\u00e0ria. Ja fa 3 anys d\u2019aix\u00f2, i encara continuo. Ensenyar m\u2019agrada, ho he fet tota la vida, omplir les graelles quan acaba la classe per fer el seguiment de cada nen, de cada nena. Ara estic amb dos grups de prim\u00e0ria ensenyant catal\u00e0, tots els dimarts a la tarda , primer amb un grup de 7 nens i nenes i despr\u00e9s amb un altre grup de 3 i 4 infants. El meu repte \u00e9s que millorin cada dia.  A la Fundaci\u00f3 m\u2019han donat la oportunitat de refer-me i de continuar amb el que m\u2019omple. Donant, per rebre molt a canvi. Dels nens i les nenes, de l\u2019equip hum\u00e0 que treballa aqu\u00ed, que ha tingut un tracte excel\u00b7lent i m\u2019ha acompanyat en tot moment.\u00a0 Un s\u2019ha d\u2019anar adaptant, refent, com diu la can\u00e7\u00f3 Fil de llum que tant m\u2019agrada, de l\u2019Andreu Rif\u00e9.  &nbsp;  \u201cRespira, espera, aixeca\u2019t, sense pressa.  Inspira, ref\u00e9s-te, la vida, el m\u00f3n t\u2019esperen\u201d  &nbsp;  <\/p>\n<address><strong>Testimoni de la Marta Mayenco, volunt\u00e0ria de la Fundaci\u00f3 Comtal<\/strong><\/address>\n","protected":false},"excerpt":{"rendered":"<p>De vegades a la vida s\u2019acaba una etapa per comen\u00e7ar una altre. Vaig estudiar filologia catalana per treballar de professora de llengua catalana i literatura durant 20 anys, a secund\u00e0ria. [&hellip;]<\/p>\n","protected":false},"author":2,"featured_media":13293,"comment_status":"closed","ping_status":"closed","sticky":false,"template":"","format":"standard","meta":{"footnotes":""},"categories":[277],"tags":[],"class_list":["post-13292","post","type-post","status-publish","format-standard","has-post-thumbnail","hentry","category-testimonials"],"_links":{"self":[{"href":"https:\/\/comtal.org\/es\/wp-json\/wp\/v2\/posts\/13292","targetHints":{"allow":["GET"]}}],"collection":[{"href":"https:\/\/comtal.org\/es\/wp-json\/wp\/v2\/posts"}],"about":[{"href":"https:\/\/comtal.org\/es\/wp-json\/wp\/v2\/types\/post"}],"author":[{"embeddable":true,"href":"https:\/\/comtal.org\/es\/wp-json\/wp\/v2\/users\/2"}],"replies":[{"embeddable":true,"href":"https:\/\/comtal.org\/es\/wp-json\/wp\/v2\/comments?post=13292"}],"version-history":[{"count":1,"href":"https:\/\/comtal.org\/es\/wp-json\/wp\/v2\/posts\/13292\/revisions"}],"predecessor-version":[{"id":13395,"href":"https:\/\/comtal.org\/es\/wp-json\/wp\/v2\/posts\/13292\/revisions\/13395"}],"wp:featuredmedia":[{"embeddable":true,"href":"https:\/\/comtal.org\/es\/wp-json\/wp\/v2\/media\/13293"}],"wp:attachment":[{"href":"https:\/\/comtal.org\/es\/wp-json\/wp\/v2\/media?parent=13292"}],"wp:term":[{"taxonomy":"category","embeddable":true,"href":"https:\/\/comtal.org\/es\/wp-json\/wp\/v2\/categories?post=13292"},{"taxonomy":"post_tag","embeddable":true,"href":"https:\/\/comtal.org\/es\/wp-json\/wp\/v2\/tags?post=13292"}],"curies":[{"name":"wp","href":"https:\/\/api.w.org\/{rel}","templated":true}]}}