{"id":13290,"date":"2013-10-29T00:00:00","date_gmt":"2013-10-29T00:00:00","guid":{"rendered":"https:\/\/comtal.org\/ganes-i-motivacio\/"},"modified":"2016-10-31T13:39:52","modified_gmt":"2016-10-31T13:39:52","slug":"ganes-i-motivacio","status":"publish","type":"post","link":"https:\/\/comtal.org\/es\/ganes-i-motivacio\/","title":{"rendered":"Ganes i motivaci\u00f3"},"content":{"rendered":"<p><a href=\"https:\/\/comtal.org\/wp-content\/uploads\/Insercio-Abdelila-001.jpg\"><img loading=\"lazy\" decoding=\"async\" class=\"size-thumbnail wp-image-903 alignleft\" alt=\"Insercio Abdelila 001\" src=\"https:\/\/comtal.org\/wp-content\/uploads\/Insercio-Abdelila-001.jpg\" width=\"150\" height=\"150\" \/><\/a>L\u2019Abdelilah va venir a la Fundaci\u00f3 Comtal fa 3 anys. Vivia a Barcelona i necessitava trobar feina, per\u00f2 no sabia per on comen\u00e7ar. \u201cMe dieron informaci\u00f3n, hablamos de lo que hab\u00eda hecho, lo que me gustaba, y me ayudaron a hacer el curr\u00edculum para empezar a buscar ofertas trabajo\u201d, ens explica.  El vam acompanyar en el proc\u00e9s de recerca de feina en l&#8217;ofici de manteniment, pel qual s&#8217;havia preparat, i vam posar-nos en contacte amb ag\u00e8ncies de models que poguessin donar-li un cop de ma en els seus inicis, ja que era el seu objectiu professional real.  A partir d\u2019aquell moment les coses van comen\u00e7ar a arrencar, li van sorgir noves oportunitats. \u201cEl empuj\u00f3n que me dieron me ayud\u00f3 a creer un poco m\u00e1s en m\u00ed, a moverme y a luchar por conseguir un objetivo\u201d.  Vam contactar amb ag\u00e8ncies perqu\u00e8 el poguessin orientar en qu\u00e8 havia de fer. Tres empreses ens van acollir en una entrevista per a explicar-nos com funcionava tot i una es va oferir per fer-li el book de forma gratu\u00efta.  Ara treballa de model. \u201cNo hay muchos \u00e1rabes en esta profesi\u00f3n. Para m\u00ed ha sido una suerte haber llegado hasta aqu\u00ed\u201d.  La veritat \u00e9s que va comen\u00e7ar fort i, encara que no \u00e9s f\u00e0cil, va sortint. Viatja, coneix gent, i, tamb\u00e9 compagina aquesta feina treballant per a tendes de moda.  \u201cEl primer desfile que hice, las rodillas no paraban de temblar, estaba muy nervioso\u201d, diu rient.  Ara ja \u00e9s diferent. L\u2019hem anat a veure a una de les desfilades que fa a Barcelona, i li preguntem que \u00e9s el que m\u00e9s li ha ajudat a obrir-se un forat en el m\u00f3n professional. Ens diu, conven\u00e7ut: \u201cDejar la verguenza, la timidez. Abrirse, hablar, ser activo y ponerle muchas muchas ganas y motivaci\u00f3n\u201d. Abans d\u2019acomiadar-nos, ens diu: \u201cMe gustar\u00eda que los j\u00f3venes que estan ahora en la misma situaci\u00f3n en la que estaba yo, tengan la oportunidad de salir hacia delante. Como hicieron los compa\u00f1eros de la Fundaci\u00f3 Comtal conmigo: acompa\u00f1arme para poder seguir, despu\u00e9s, solo\u201d.<\/p>\n","protected":false},"excerpt":{"rendered":"<p>L\u2019Abdelilah va venir a la Fundaci\u00f3 Comtal fa 3 anys. Vivia a Barcelona i necessitava trobar feina, per\u00f2 no sabia per on comen\u00e7ar. \u201cMe dieron informaci\u00f3n, hablamos de lo que [&hellip;]<\/p>\n","protected":false},"author":2,"featured_media":13291,"comment_status":"closed","ping_status":"closed","sticky":false,"template":"","format":"standard","meta":{"footnotes":""},"categories":[277],"tags":[],"class_list":["post-13290","post","type-post","status-publish","format-standard","has-post-thumbnail","hentry","category-testimonials"],"_links":{"self":[{"href":"https:\/\/comtal.org\/es\/wp-json\/wp\/v2\/posts\/13290","targetHints":{"allow":["GET"]}}],"collection":[{"href":"https:\/\/comtal.org\/es\/wp-json\/wp\/v2\/posts"}],"about":[{"href":"https:\/\/comtal.org\/es\/wp-json\/wp\/v2\/types\/post"}],"author":[{"embeddable":true,"href":"https:\/\/comtal.org\/es\/wp-json\/wp\/v2\/users\/2"}],"replies":[{"embeddable":true,"href":"https:\/\/comtal.org\/es\/wp-json\/wp\/v2\/comments?post=13290"}],"version-history":[{"count":1,"href":"https:\/\/comtal.org\/es\/wp-json\/wp\/v2\/posts\/13290\/revisions"}],"predecessor-version":[{"id":13396,"href":"https:\/\/comtal.org\/es\/wp-json\/wp\/v2\/posts\/13290\/revisions\/13396"}],"wp:featuredmedia":[{"embeddable":true,"href":"https:\/\/comtal.org\/es\/wp-json\/wp\/v2\/media\/13291"}],"wp:attachment":[{"href":"https:\/\/comtal.org\/es\/wp-json\/wp\/v2\/media?parent=13290"}],"wp:term":[{"taxonomy":"category","embeddable":true,"href":"https:\/\/comtal.org\/es\/wp-json\/wp\/v2\/categories?post=13290"},{"taxonomy":"post_tag","embeddable":true,"href":"https:\/\/comtal.org\/es\/wp-json\/wp\/v2\/tags?post=13290"}],"curies":[{"name":"wp","href":"https:\/\/api.w.org\/{rel}","templated":true}]}}