{"id":13288,"date":"2013-09-30T00:00:00","date_gmt":"2013-09-30T00:00:00","guid":{"rendered":"https:\/\/comtal.org\/tocar-de-peus-a-terra\/"},"modified":"2016-10-31T13:39:52","modified_gmt":"2016-10-31T13:39:52","slug":"tocar-de-peus-a-terra","status":"publish","type":"post","link":"https:\/\/comtal.org\/es\/tocar-de-peus-a-terra\/","title":{"rendered":"Tocar de peus a terra"},"content":{"rendered":"<p><a href=\"https:\/\/comtal.org\/wp-content\/uploads\/tocar-peus-terra.jpg\"><img loading=\"lazy\" decoding=\"async\" class=\"size-medium wp-image-897 alignleft\" alt=\"tocar peus terra\" src=\"https:\/\/comtal.org\/wp-content\/uploads\/tocar-peus-terra.jpg\" width=\"300\" height=\"199\" \/><\/a>Ja fa un temps que un peu em trontolla al caminar, em fa pensar en com poso les cames per fer cada una de les passes, caminar amb decisi\u00f3 i lliure de moviment.  Una petita lesi\u00f3 al peu, un defecte de f\u00e0brica, un no se ben b\u00e9 qu\u00e8 per\u00f2 que al cuidar el peu em fa pensar en una met\u00e0fora del dia a dia.  Caminar, per la vida. Us heu preguntat alguna vegada com camineu per la vida, heu observat el vostre cos, us heu dit \u201ctinc peus, aquests caminen i marquen el ritme que jo escullo?\u201d  Fa tamb\u00e9 un any i mig, la vida m\u2019ha fet pensar i m\u2019ha fet sentir. Llegint tamb\u00e9 el bonic llibre <i>Morrie se\u2019n va<\/i> de M. Schartz, he ent\u00e8s que la vida \u00e9s una i que t\u00e9 un proc\u00e9s amb un final que forma part de la naturalesa. Una situaci\u00f3 molt propera, tamb\u00e9 molt essencial de la pr\u00f2pia natura, tenir una mare en alerta de deixar de caminar, m\u2019ha fet engegar tot un proc\u00e9s de preguntes que per trobar respostes tamb\u00e9 necessiten del seu temps. Caminar lent, amb consciencia de moviment.  Al llarg del temps, varies vegades he decidit parar de caminar, per seure una estona. Est\u00e0 b\u00e9 pensar, mirar en perspectiva el que est\u00e0 passant al voltant. \u00c9s aix\u00ed com \u00e9s una mica l\u2019educaci\u00f3, no? Per poder aprendre cal poder processar el que s\u2019est\u00e0 vivint, i \u00e9s que moltes vegades parlem del proc\u00e9s d\u2019aprenentatge. I qu\u00e8 entenem per proc\u00e9s?  Com a educadora, com a persona, sempre he pensat que cal parar a retrobar-se amb una mateixa, cal anar construint la pr\u00f2pia historia de vida, coneixent-la\u2026 mirar les coses amb una certa distancia que et permeti poder escollir el que est\u00e0s fent. Per poder acompanyar en processos de creixement personal cal saber com una ha pogut cr\u00e9ixer, connectant-se com a persona humana. Aquesta \u00e9s la nostra principal eina, no?  Passa el temps i molt r\u00e0pid, i cada vegada amb est\u00edmuls que acceleren m\u00e9s els processos. Parem i tornem a agafar el pas.  Em torno a parar una estona\u2026 recordo encara quan vaig entrar a compartir una etapa d\u2019aprenentatge amb vosaltres, quina il\u00b7lusi\u00f3 que tenia\u2026 quina bonica innoc\u00e8ncia. Quantes emocions, quants camins que ara necessiten fer un revolt per a poder seguir admirant i seguir creixent.  Us agraeixo molt tot aquest temps, els moments, les paraules, els aprenentatges\u2026 i seguir endavant, a seguir posant un peu darrera un altre obrint nous camins d\u2019aprenentatge.<\/p>\n","protected":false},"excerpt":{"rendered":"<p>Ja fa un temps que un peu em trontolla al caminar, em fa pensar en com poso les cames per fer cada una de les passes, caminar amb decisi\u00f3 i [&hellip;]<\/p>\n","protected":false},"author":2,"featured_media":0,"comment_status":"closed","ping_status":"closed","sticky":false,"template":"","format":"standard","meta":{"footnotes":""},"categories":[277],"tags":[],"class_list":["post-13288","post","type-post","status-publish","format-standard","hentry","category-testimonials"],"_links":{"self":[{"href":"https:\/\/comtal.org\/es\/wp-json\/wp\/v2\/posts\/13288","targetHints":{"allow":["GET"]}}],"collection":[{"href":"https:\/\/comtal.org\/es\/wp-json\/wp\/v2\/posts"}],"about":[{"href":"https:\/\/comtal.org\/es\/wp-json\/wp\/v2\/types\/post"}],"author":[{"embeddable":true,"href":"https:\/\/comtal.org\/es\/wp-json\/wp\/v2\/users\/2"}],"replies":[{"embeddable":true,"href":"https:\/\/comtal.org\/es\/wp-json\/wp\/v2\/comments?post=13288"}],"version-history":[{"count":1,"href":"https:\/\/comtal.org\/es\/wp-json\/wp\/v2\/posts\/13288\/revisions"}],"predecessor-version":[{"id":13397,"href":"https:\/\/comtal.org\/es\/wp-json\/wp\/v2\/posts\/13288\/revisions\/13397"}],"wp:attachment":[{"href":"https:\/\/comtal.org\/es\/wp-json\/wp\/v2\/media?parent=13288"}],"wp:term":[{"taxonomy":"category","embeddable":true,"href":"https:\/\/comtal.org\/es\/wp-json\/wp\/v2\/categories?post=13288"},{"taxonomy":"post_tag","embeddable":true,"href":"https:\/\/comtal.org\/es\/wp-json\/wp\/v2\/tags?post=13288"}],"curies":[{"name":"wp","href":"https:\/\/api.w.org\/{rel}","templated":true}]}}