{"id":13286,"date":"2013-08-14T00:00:00","date_gmt":"2013-08-14T00:00:00","guid":{"rendered":"https:\/\/comtal.org\/un-momento-para-recordar\/"},"modified":"2016-10-31T13:39:52","modified_gmt":"2016-10-31T13:39:52","slug":"un-momento-para-recordar","status":"publish","type":"post","link":"https:\/\/comtal.org\/es\/un-momento-para-recordar\/","title":{"rendered":"Un momento para recordar"},"content":{"rendered":"<p><a href=\"https:\/\/comtal.org\/wp-content\/uploads\/Imagen-171.jpg\"><img loading=\"lazy\" decoding=\"async\" class=\"size-medium wp-image-872 alignleft\" alt=\"Imagen 171\" src=\"https:\/\/comtal.org\/wp-content\/uploads\/Imagen-171.jpg\" width=\"300\" height=\"225\" \/><\/a>Recordar (del lat\u00edn <i>Re-cordare<\/i>; volver a pasar por el coraz\u00f3n) es una manera de revivir las experiencias, en cierto modo de volver al pasado con la mente puesta en el presente.  La palabra recordar suele estar asociada a un componente emocional que la hace en cierto modo especial. Recordar es un acto de selecci\u00f3n memor\u00edstica, no todo cabe en el caj\u00f3n de los recuerdos, hay recuerdos m\u00e1s o menos\u00a0 intensos, hay recuerdos m\u00e1s o menos agradables, hay recuerdos m\u00e1s o menos presentes, &#8230; pero sin duda hay algunos que no nos van a abandonar nunca, quiz\u00e1s porque van asociados a esas emociones que acompa\u00f1an al recuerdo.  Por ello queremos rescatar la palabra <b><i>recordar<\/i><\/b> del universo gramatical, porque m\u00e1s all\u00e1 de las acciones que componen nuestro proyecto hay una emoci\u00f3n que siempre nos (las) acompa\u00f1a.  Recuerdo a Geomar, viniendo cada semana al espacio de deberes y tambi\u00e9n a su voluntaria Laura, que le ayuda cada viernes a hacer refuerzo en las asignaturas que m\u00e1s les cuestan; y sobre todo, le recuerdo hace una semana atr\u00e1s anunciando, con una sonrisa enorme, que pasaba de curso.  Recuerdo a Amina emocionada, preguntando cuando saldr\u00edamos otra vez a la calle a hacer otra actividad de circo. La recuerdo subida a la cuerda floja, haciendo equilibrios con las manos en alto con cara de concentraci\u00f3n, como si estuviera delante de miles de espectadores y ella fuera la artista principal.  Tambi\u00e9n recuerdo a Judith, madre de Iv\u00e1n, preocupada por encontrar un lugar donde ayudaran a su hijo a hacer los deberes. Y sobre todo la recuerdo, agradecida, una vez le anunciamos que ya pod\u00eda empezar a traer a Iv\u00e1n al espacio de deberes.  El recuerdo de Na\u00efm, pintando con Omar y Stacy un mural enorme colgado en el medio de la calle, pintando en libertad el barrio que imaginan, llen\u00e1ndolo de colores todos juntos.  Tambi\u00e9n est\u00e1 Isidre, un voluntario entusiasta que nunca tiene un no por respuesta, ha estado ayudando\u00a0 en todas las actividades que propon\u00edamos a lo largo del curso, deberes, actividades en la calle, refuerzo escolar individual, fiestas, formaciones de voluntariado, etc.  Recuerdo tambi\u00e9n a F\u00e1tima preguntando si sus amigas estaban invitadas a la fiesta de la Primavera que organiz\u00e1bamos en la plaza, y su alegr\u00eda al saber que la fiesta era de tod@s y para tod@s.  Y tambi\u00e9n a Bassima, y a Joaquim, y a Andrea&#8230; al centenar de ni\u00f1os y ni\u00f1as que pasaron este a\u00f1o por el Centre Obert\u00a0 buscando un espacio de ayuda, que los acompa\u00f1e en el d\u00eda a d\u00eda, y que sean una oportunidad para el futuro.  Un nuevo final de curso con sus valoraciones, y sus cr\u00edticas sinceras y positivas.\u00a0 Aplaudir las victorias y aprender de los errores cometidos, sobre todo de los errores, que son los que nos van a permitir mejorar nuestra tarea. Os invitamos a que, durante lo que queda de verano, practiqu\u00e9is este ejercicio de recordar y hacer (re)vivir al coraz\u00f3n, todo aquellos que lo hab\u00e9is llenado de vida compartida.  El equipo educativo de la Fundaci\u00f3 Comtal<\/p>\n","protected":false},"excerpt":{"rendered":"<p>Recordar (del lat\u00edn Re-cordare; volver a pasar por el coraz\u00f3n) es una manera de revivir las experiencias, en cierto modo de volver al pasado con la mente puesta en el [&hellip;]<\/p>\n","protected":false},"author":2,"featured_media":0,"comment_status":"closed","ping_status":"closed","sticky":false,"template":"","format":"standard","meta":{"footnotes":""},"categories":[277],"tags":[],"class_list":["post-13286","post","type-post","status-publish","format-standard","hentry","category-testimonials"],"_links":{"self":[{"href":"https:\/\/comtal.org\/es\/wp-json\/wp\/v2\/posts\/13286","targetHints":{"allow":["GET"]}}],"collection":[{"href":"https:\/\/comtal.org\/es\/wp-json\/wp\/v2\/posts"}],"about":[{"href":"https:\/\/comtal.org\/es\/wp-json\/wp\/v2\/types\/post"}],"author":[{"embeddable":true,"href":"https:\/\/comtal.org\/es\/wp-json\/wp\/v2\/users\/2"}],"replies":[{"embeddable":true,"href":"https:\/\/comtal.org\/es\/wp-json\/wp\/v2\/comments?post=13286"}],"version-history":[{"count":1,"href":"https:\/\/comtal.org\/es\/wp-json\/wp\/v2\/posts\/13286\/revisions"}],"predecessor-version":[{"id":13398,"href":"https:\/\/comtal.org\/es\/wp-json\/wp\/v2\/posts\/13286\/revisions\/13398"}],"wp:attachment":[{"href":"https:\/\/comtal.org\/es\/wp-json\/wp\/v2\/media?parent=13286"}],"wp:term":[{"taxonomy":"category","embeddable":true,"href":"https:\/\/comtal.org\/es\/wp-json\/wp\/v2\/categories?post=13286"},{"taxonomy":"post_tag","embeddable":true,"href":"https:\/\/comtal.org\/es\/wp-json\/wp\/v2\/tags?post=13286"}],"curies":[{"name":"wp","href":"https:\/\/api.w.org\/{rel}","templated":true}]}}