{"id":13282,"date":"2013-06-21T00:00:00","date_gmt":"2013-06-21T00:00:00","guid":{"rendered":"https:\/\/comtal.org\/la-vostra-implicacio-clau-de-futur\/"},"modified":"2016-10-31T13:39:52","modified_gmt":"2016-10-31T13:39:52","slug":"la-vostra-implicacio-clau-de-futur","status":"publish","type":"post","link":"https:\/\/comtal.org\/es\/la-vostra-implicacio-clau-de-futur\/","title":{"rendered":"La vostra implicaci\u00f3, clau de futur"},"content":{"rendered":"<p><a href=\"https:\/\/comtal.org\/wp-content\/uploads\/esbos-voluntaris-11.jpg\"><img loading=\"lazy\" decoding=\"async\" class=\"alignleft size-full wp-image-839\" title=\"esbos voluntaris 1\" alt=\"\" src=\"https:\/\/comtal.org\/wp-content\/uploads\/esbos-voluntaris-11.jpg\" width=\"529\" height=\"568\" \/><\/a>Gr\u00e0cies a tots els voluntaris i col\u00b7laboradors per fer possible la Festa del Voluntariat d\u2019ahir. A la comissi\u00f3, per la dedicaci\u00f3, l\u2019entusiasme i la bona organitzaci\u00f3, als voluntaris que vareu acompanyar-nos per compartir, un dia m\u00e9s, el vostre temps amb nosaltres, i als que no vareu poder venir, per estar igualment presents. A la Mireia, per orquestrar la festa, mobilitzar-nos i implicar-nos. A La Salle Comtal per convidar-nos i obrir-nos les portes per sopar all\u00e0. I, gr\u00e0cies, tamb\u00e9, al Fran\u00e7ois, il\u00b7lustrador i educador del Centre Obert de la Fundaci\u00f3 Comtal, per oferir-nos aquest detall que ens emportem com a record, i que recull l\u2019\u00e0nima del que fem per oferir oportunitats de futur als infants, adolescents i joves que ho necessiten.<\/p>\n","protected":false},"excerpt":{"rendered":"<p>Gr\u00e0cies a tots els voluntaris i col\u00b7laboradors per fer possible la Festa del Voluntariat d\u2019ahir. A la comissi\u00f3, per la dedicaci\u00f3, l\u2019entusiasme i la bona organitzaci\u00f3, als voluntaris que vareu [&hellip;]<\/p>\n","protected":false},"author":2,"featured_media":0,"comment_status":"closed","ping_status":"closed","sticky":false,"template":"","format":"standard","meta":{"footnotes":""},"categories":[277],"tags":[],"class_list":["post-13282","post","type-post","status-publish","format-standard","hentry","category-testimonials"],"_links":{"self":[{"href":"https:\/\/comtal.org\/es\/wp-json\/wp\/v2\/posts\/13282","targetHints":{"allow":["GET"]}}],"collection":[{"href":"https:\/\/comtal.org\/es\/wp-json\/wp\/v2\/posts"}],"about":[{"href":"https:\/\/comtal.org\/es\/wp-json\/wp\/v2\/types\/post"}],"author":[{"embeddable":true,"href":"https:\/\/comtal.org\/es\/wp-json\/wp\/v2\/users\/2"}],"replies":[{"embeddable":true,"href":"https:\/\/comtal.org\/es\/wp-json\/wp\/v2\/comments?post=13282"}],"version-history":[{"count":1,"href":"https:\/\/comtal.org\/es\/wp-json\/wp\/v2\/posts\/13282\/revisions"}],"predecessor-version":[{"id":13400,"href":"https:\/\/comtal.org\/es\/wp-json\/wp\/v2\/posts\/13282\/revisions\/13400"}],"wp:attachment":[{"href":"https:\/\/comtal.org\/es\/wp-json\/wp\/v2\/media?parent=13282"}],"wp:term":[{"taxonomy":"category","embeddable":true,"href":"https:\/\/comtal.org\/es\/wp-json\/wp\/v2\/categories?post=13282"},{"taxonomy":"post_tag","embeddable":true,"href":"https:\/\/comtal.org\/es\/wp-json\/wp\/v2\/tags?post=13282"}],"curies":[{"name":"wp","href":"https:\/\/api.w.org\/{rel}","templated":true}]}}