{"id":13280,"date":"2013-05-22T00:00:00","date_gmt":"2013-05-22T00:00:00","guid":{"rendered":"https:\/\/comtal.org\/victimes-del-nostre-egoisme\/"},"modified":"2016-10-31T13:39:52","modified_gmt":"2016-10-31T13:39:52","slug":"victimes-del-nostre-egoisme","status":"publish","type":"post","link":"https:\/\/comtal.org\/es\/victimes-del-nostre-egoisme\/","title":{"rendered":"V\u00edctimes del nostre egoisme"},"content":{"rendered":"<p style=\"text-align: center;\"><a href=\"https:\/\/comtal.org\/wp-content\/uploads\/04-la-salle-articles-egoisme-adults.jpg\"><img loading=\"lazy\" decoding=\"async\" class=\"alignnone size-thumbnail wp-image-832\" title=\"04-la-salle-articles-egoisme-adults\" src=\"https:\/\/comtal.org\/wp-content\/uploads\/04-la-salle-articles-egoisme-adults.jpg\" alt=\"\" width=\"150\" height=\"150\" \/><\/a><\/p>\n<p> S\u00f3n els m\u00e9s menuts: la Kautar, la Mariela, el Brian, l\u2019Aya, el Pablo, el Sofian, la Carol\u2026 s\u00f3n els m\u00e9s menuts i entren cantant \u201cel tren petit\u00f3, que corria, que corria\u2026.\u201d algun plora\u2026 \u00e9s la seva manera de dir que no ent\u00e9n perqu\u00e8 la mare el torna a deixar: de bon mat\u00ed a l\u2019escola, per la tarda al Centre Obert\u2026 al final del dia potser podr\u00e0 anar a casa? Formen part d\u2019aquest 28% d\u2019infants que a Catalunya viuen per sota del llindar de la pobresa. Per\u00f2 qu\u00e8 en saben ells de tot aix\u00f2 en realitat?  Els seus ulls vibren d\u2019il\u00b7lusi\u00f3\u2026 han vist el berenar: pa amb xocolata, com diu la can\u00e7\u00f3, pa amb xocolata, unes maduixes, un got de llet.. Qu\u00e8 bo! Primer es renten les mans, despr\u00e9s seuen a taula, davant del seu nom\u2026 la Marina els fa escoltar la nova can\u00e7\u00f3 que els vol ensenyar, mentre amb un putxinel\u00b7li capta la seva atenci\u00f3.  De mentre a l\u2019aula del costat les seves mares comparteixen neguits: l\u2019atur, el no poder pagar el lloguer o l\u2019habitaci\u00f3 rellogada, els preus abusius dels productes m\u00e9s imprescindibles\u2026 i alhora miren d\u2019aprendre inform\u00e0tica, a millorar la llengua, i adquirir les destreses per educar els seus fills i filles..  No cal ser un gran estudi\u00f3s per veure que parlem de les v\u00edctimes del nostre egoisme com adults, de la ceguesa d\u2019una societat que no sempre vol sentir el seu clam\u2026. formen part dels desvalguts, dels que tenen menys recursos, \u2026 S\u00f3n les v\u00edctimes d\u2019un egoisme cru i maldestre, que ni tan sols sabem dissimular, mentre prenem mesures davant de gaireb\u00e9 tot per\u00f2 no per a protegir els nens i nenes,  per vetllar pel seu present, pel seu esborronat futur.  Els fills d\u2019aquesta trontollant societat van n\u00e9ixer per ser feli\u00e7os, per\u00f2 sovint se senten sols, desemparats, i ploren i criden en silenci\u2026  se senten desorientats en el seu viure itinerant; en una societat que els informa  dels seus drets i reclama els deures, per\u00f2 no t\u00e9 forces per a exercir cap de les dues accions.  Una societat a dues velocitats: la dels aven\u00e7os tecnol\u00f2gics, la recerca biom\u00e8dica, els cotxes h\u00edbrids i els viatges a Mart\u2026 ; per contra la societat dels qui no arriben a finals de mes, no poden pagar les quotes escolars ni el menjador, ni els llibres\u2026 i el que \u00e9s pitjor no arriben per tenir un plat a taula ni la roba adient.  I\u2026 mentre els miro com cada tarda penso: jo com a cristi\u00e0\u2026. qu\u00e8 hi dic davant el que est\u00e0 passant? Em deturo i aplico l\u2019espontane\u00eftat del bon samarit\u00e0? El cam\u00ed de Jerusalem a Jeric\u00f3 es fa present en el nostre dia a dia\u2026 un cam\u00ed pedreg\u00f3s, \u00e0rid, i feixuc\u2026 un cam\u00ed  estret on es fa dif\u00edcil no veure el caigut, no creuar-se amb la seva implorant mirada\u2026 Els infants s\u00f3n, en totes les societats, v\u00edctimes dels adults i els seus egoismes: fins quan?  Anna-Bel Carbonell  Directora de la Fundaci\u00f3 Comtal<\/p>\n","protected":false},"excerpt":{"rendered":"<p>S\u00f3n els m\u00e9s menuts: la Kautar, la Mariela, el Brian, l\u2019Aya, el Pablo, el Sofian, la Carol\u2026 s\u00f3n els m\u00e9s menuts i entren cantant \u201cel tren petit\u00f3, que corria, que [&hellip;]<\/p>\n","protected":false},"author":2,"featured_media":0,"comment_status":"closed","ping_status":"closed","sticky":false,"template":"","format":"standard","meta":{"footnotes":""},"categories":[277],"tags":[],"class_list":["post-13280","post","type-post","status-publish","format-standard","hentry","category-testimonials"],"_links":{"self":[{"href":"https:\/\/comtal.org\/es\/wp-json\/wp\/v2\/posts\/13280","targetHints":{"allow":["GET"]}}],"collection":[{"href":"https:\/\/comtal.org\/es\/wp-json\/wp\/v2\/posts"}],"about":[{"href":"https:\/\/comtal.org\/es\/wp-json\/wp\/v2\/types\/post"}],"author":[{"embeddable":true,"href":"https:\/\/comtal.org\/es\/wp-json\/wp\/v2\/users\/2"}],"replies":[{"embeddable":true,"href":"https:\/\/comtal.org\/es\/wp-json\/wp\/v2\/comments?post=13280"}],"version-history":[{"count":1,"href":"https:\/\/comtal.org\/es\/wp-json\/wp\/v2\/posts\/13280\/revisions"}],"predecessor-version":[{"id":13401,"href":"https:\/\/comtal.org\/es\/wp-json\/wp\/v2\/posts\/13280\/revisions\/13401"}],"wp:attachment":[{"href":"https:\/\/comtal.org\/es\/wp-json\/wp\/v2\/media?parent=13280"}],"wp:term":[{"taxonomy":"category","embeddable":true,"href":"https:\/\/comtal.org\/es\/wp-json\/wp\/v2\/categories?post=13280"},{"taxonomy":"post_tag","embeddable":true,"href":"https:\/\/comtal.org\/es\/wp-json\/wp\/v2\/tags?post=13280"}],"curies":[{"name":"wp","href":"https:\/\/api.w.org\/{rel}","templated":true}]}}