{"id":13278,"date":"2013-01-09T00:00:00","date_gmt":"2013-01-09T00:00:00","guid":{"rendered":"https:\/\/comtal.org\/expliquem-el-nostre-nadal\/"},"modified":"2016-10-31T13:39:52","modified_gmt":"2016-10-31T13:39:52","slug":"expliquem-el-nostre-nadal","status":"publish","type":"post","link":"https:\/\/comtal.org\/es\/expliquem-el-nostre-nadal\/","title":{"rendered":"Expliquem el nostre Nadal"},"content":{"rendered":"<p><a href=\"https:\/\/comtal.org\/wp-content\/uploads\/crae.jpg\"><img loading=\"lazy\" decoding=\"async\" class=\"size-medium wp-image-815 alignleft\" title=\"crae\" src=\"https:\/\/comtal.org\/wp-content\/uploads\/crae.jpg\" alt=\"\" width=\"300\" height=\"225\" \/><\/a>L\u2019\u00e8poca de Nadal per a nosaltres \u00e9s molt intensa. \u00a0S\u00f3n uns dies que ens permeten poder estar m\u00e9s estones junts i en qu\u00e8 realitzem activitats que durant el curs escolar, pel ritme natural del dia a dia, no podem fer.  Aquest any vam fer un calendari d\u2019advent gegant per anar-nos preparant per a aquestes festes, amb missatges que promoguessin la reflexi\u00f3 i el coneixement de valors, hist\u00f2ria i tradicions del Nadal, i al mateix temps amb jocs que fessin la jornada m\u00e9s atractiva i divertida.  Entre d\u2019altres activitats destaquem les seg\u00fcents: la celebraci\u00f3 del Nadal i el cagati\u00f3, el sopar de Nadal amb la comunitat de germans de la Salle Comtal, el teatre dels pastorets, el cinema, les col\u00f2nies a La Salle Berga, l\u2019emocionant dia de Reis, les estones de deures i refor\u00e7 escolar, les passejades al parc, a la platja, pel barri&#8230;Tamb\u00e9 destaquem que alguns nens i nenes han pogut veure\u2019s amb les seves fam\u00edlies en les dates assenyalades.  Tot plegat ens ha perm\u00e8s gaudir del temps de Nadal amb els companys i companyes del centre, amb els educadors i educadores i, segons el cas, tamb\u00e9 amb les seves fam\u00edlies. Hem pogut viure valors com la companyonia, la solidaritat, el pensar en els altres, l\u2019esperan\u00e7a i el compatir, i hem gaudit del contacte amb la natura.  Com veieu, en aquesta \u00e8poca hem tingut de tot! Fins i tot els mateixos infants han inventat una tradici\u00f3 que us volem explicar: la del dia del \u201cTionet\u201d, que se celebra el dia 27 de desembre. La hist\u00f2ria del Tionet ens diu que quan aquest era petit els seus pares no el van poder cuidar i se\u2019n va fer c\u00e0rrec el Pare Noel fins als seus 18 anys, despr\u00e9s quan es van acomiadar li va cantar una can\u00e7\u00f3. Aquest dia es regalen coses de pau i amor i se sopa ou ferrat, amb patates fregides i ketchup. I aix\u00ed ho hem fet. Potser amb aquesta hist\u00f2ria no cal dir res m\u00e9s.  <strong>Laura Rodr\u00edguez<\/strong>, educadora del Centre Residencial d\u2019Acci\u00f3 Educativa (CRAE- La  Salle).<\/p>\n","protected":false},"excerpt":{"rendered":"<p>L\u2019\u00e8poca de Nadal per a nosaltres \u00e9s molt intensa. \u00a0S\u00f3n uns dies que ens permeten poder estar m\u00e9s estones junts i en qu\u00e8 realitzem activitats que durant el curs escolar, [&hellip;]<\/p>\n","protected":false},"author":2,"featured_media":0,"comment_status":"closed","ping_status":"closed","sticky":false,"template":"","format":"standard","meta":{"footnotes":""},"categories":[277],"tags":[],"class_list":["post-13278","post","type-post","status-publish","format-standard","hentry","category-testimonials"],"_links":{"self":[{"href":"https:\/\/comtal.org\/es\/wp-json\/wp\/v2\/posts\/13278","targetHints":{"allow":["GET"]}}],"collection":[{"href":"https:\/\/comtal.org\/es\/wp-json\/wp\/v2\/posts"}],"about":[{"href":"https:\/\/comtal.org\/es\/wp-json\/wp\/v2\/types\/post"}],"author":[{"embeddable":true,"href":"https:\/\/comtal.org\/es\/wp-json\/wp\/v2\/users\/2"}],"replies":[{"embeddable":true,"href":"https:\/\/comtal.org\/es\/wp-json\/wp\/v2\/comments?post=13278"}],"version-history":[{"count":1,"href":"https:\/\/comtal.org\/es\/wp-json\/wp\/v2\/posts\/13278\/revisions"}],"predecessor-version":[{"id":13403,"href":"https:\/\/comtal.org\/es\/wp-json\/wp\/v2\/posts\/13278\/revisions\/13403"}],"wp:attachment":[{"href":"https:\/\/comtal.org\/es\/wp-json\/wp\/v2\/media?parent=13278"}],"wp:term":[{"taxonomy":"category","embeddable":true,"href":"https:\/\/comtal.org\/es\/wp-json\/wp\/v2\/categories?post=13278"},{"taxonomy":"post_tag","embeddable":true,"href":"https:\/\/comtal.org\/es\/wp-json\/wp\/v2\/tags?post=13278"}],"curies":[{"name":"wp","href":"https:\/\/api.w.org\/{rel}","templated":true}]}}