{"id":13276,"date":"2013-02-05T00:00:00","date_gmt":"2013-02-05T00:00:00","guid":{"rendered":"https:\/\/comtal.org\/lefecte-papallona\/"},"modified":"2016-10-31T13:39:52","modified_gmt":"2016-10-31T13:39:52","slug":"lefecte-papallona","status":"publish","type":"post","link":"https:\/\/comtal.org\/es\/lefecte-papallona\/","title":{"rendered":"L\u2019efecte papallona"},"content":{"rendered":"<div id=\"_mcePaste\">\n<div id=\"_mcePaste\"><strong>\u201cFa una setmana em vaig decidir a venir-me a Barcelona per buscar una feina. A Lleida la situaci\u00f3 ja era insostenible: no cobrava l\u2019atur, m\u2019anava a quedar sense casa i ni tan sols m\u2019arribava per agafar un bus. De fet, per venir-hi, tota avergonyida, vaig haver de demanar uns c\u00e8ntims a l\u2019estaci\u00f3. Me\u2019ls van donar i gr\u00e0cies a aquest ajut em van brindar una nova oportunitat\u201d.<\/strong><\/div>\n<div id=\"_mcePaste\"><strong> <\/strong><\/div>\n<div id=\"_mcePaste\"><strong>Aix\u00ed comen\u00e7a la hist\u00f2ria de la Maura Eliana, una dona brasilera de 49 anys que en fa set que marx\u00e0 del seu pa\u00eds per buscar una vida millor. La Maura reconeix que el cam\u00ed recorregut fins ara no ha estat f\u00e0cil. Despr\u00e9s de passar per Madrid i per altres indrets de Catalunya, gr\u00e0cies a aquest gest desinteressat ara es troba a Barcelona.<\/strong><\/div>\n<div id=\"_mcePaste\"><strong> <\/strong><\/div>\n<div id=\"_mcePaste\"><strong>La Maura ens explica que \u201cja a Barcelona, passejant pels carrers del barri, vaig topar-me amb el Punt d\u2019Informaci\u00f3 de la Fundaci\u00f3 Comtal i vaig decidir-me a entrar-hi. All\u00e0 les companyes del Punt em van derivar a una de les entitats que tenen com a refer\u00e8ncia per cercar feina. Vaig contactar amb ells i em van donar el tel\u00e8fon d\u2019una persona que cercava un cuidador per al seu pare. Vaig fer l\u2019entrevista, els vaig agradar i actualment ja treballo com a interina cuidant d\u2019una persona gran. Els ingressos no s\u00f3n molts alts, per\u00f2 tinc la manutenci\u00f3 coberta, el llit i el menjar. I a m\u00e9s, com nom\u00e9s treballo pel mat\u00ed, m\u2019ho puc compaginar amb un altre treball per la tarda\u201d.<\/strong><\/div>\n<div id=\"_mcePaste\"><strong> <\/strong><\/div>\n<div id=\"_mcePaste\"><strong>Amb coratge, valentia i tamb\u00e9 molta sort, el dest\u00ed sembla aliar-se amb la causa de la Maura. Uns desconeguts la van ajudar a venir a Barcelona donant-li uns calers, el dest\u00ed la va plantar al costat de la Fundaci\u00f3 Comtal i lligant una cosa amb un altra en menys d\u2019una setmana ha aconseguit el seu objectiu: tenir feina i casa.<\/strong><\/div>\n<div id=\"_mcePaste\"><strong> <\/strong><\/div>\n<div id=\"_mcePaste\"><strong>Quan la Maura Eliana va assabentar-se de la bona not\u00edcia el primer que ha fet \u00e9s venir a la Fundaci\u00f3 Comtal i abra\u00e7ar les companyes que van ajudar-la. Nom\u00e9s t\u00e9 paraules d\u2019agra\u00efment i tamb\u00e9 d\u2019esperan\u00e7a per a totes aquelles persones que es troben en una situaci\u00f3 semblant a la seva. \u201cA la gent que est\u00e0 buscant feina i que viu moments complicats vull dir-li que no perdi l\u2019esperan\u00e7a, que qui vol alguna cosa la troba. Cal lluitar per aconseguir-la, per\u00f2 s\u2019aconsegueix\u201d.<\/strong><\/div><\/div>\n<p> <a href=\"https:\/\/comtal.org\/wp-content\/uploads\/foto1.jpg\"><img loading=\"lazy\" decoding=\"async\" class=\"aligncenter size-medium wp-image-800\" title=\"foto1\" src=\"https:\/\/comtal.org\/wp-content\/uploads\/foto1.jpg\" alt=\"\" width=\"225\" height=\"300\" \/><\/a><\/p>\n","protected":false},"excerpt":{"rendered":"<p>\u201cFa una setmana em vaig decidir a venir-me a Barcelona per buscar una feina. A Lleida la situaci\u00f3 ja era insostenible: no cobrava l\u2019atur, m\u2019anava a quedar sense casa i [&hellip;]<\/p>\n","protected":false},"author":2,"featured_media":0,"comment_status":"closed","ping_status":"closed","sticky":false,"template":"","format":"standard","meta":{"footnotes":""},"categories":[277],"tags":[],"class_list":["post-13276","post","type-post","status-publish","format-standard","hentry","category-testimonials"],"_links":{"self":[{"href":"https:\/\/comtal.org\/es\/wp-json\/wp\/v2\/posts\/13276","targetHints":{"allow":["GET"]}}],"collection":[{"href":"https:\/\/comtal.org\/es\/wp-json\/wp\/v2\/posts"}],"about":[{"href":"https:\/\/comtal.org\/es\/wp-json\/wp\/v2\/types\/post"}],"author":[{"embeddable":true,"href":"https:\/\/comtal.org\/es\/wp-json\/wp\/v2\/users\/2"}],"replies":[{"embeddable":true,"href":"https:\/\/comtal.org\/es\/wp-json\/wp\/v2\/comments?post=13276"}],"version-history":[{"count":1,"href":"https:\/\/comtal.org\/es\/wp-json\/wp\/v2\/posts\/13276\/revisions"}],"predecessor-version":[{"id":13402,"href":"https:\/\/comtal.org\/es\/wp-json\/wp\/v2\/posts\/13276\/revisions\/13402"}],"wp:attachment":[{"href":"https:\/\/comtal.org\/es\/wp-json\/wp\/v2\/media?parent=13276"}],"wp:term":[{"taxonomy":"category","embeddable":true,"href":"https:\/\/comtal.org\/es\/wp-json\/wp\/v2\/categories?post=13276"},{"taxonomy":"post_tag","embeddable":true,"href":"https:\/\/comtal.org\/es\/wp-json\/wp\/v2\/tags?post=13276"}],"curies":[{"name":"wp","href":"https:\/\/api.w.org\/{rel}","templated":true}]}}