{"id":13275,"date":"2012-12-13T00:00:00","date_gmt":"2012-12-13T00:00:00","guid":{"rendered":"https:\/\/comtal.org\/estimats-reis-mags\/"},"modified":"2016-10-31T13:39:52","modified_gmt":"2016-10-31T13:39:52","slug":"estimats-reis-mags","status":"publish","type":"post","link":"https:\/\/comtal.org\/es\/estimats-reis-mags\/","title":{"rendered":"Estimats Reis Mags,"},"content":{"rendered":"<p><a href=\"https:\/\/comtal.org\/wp-content\/uploads\/foto.jpg\"><img loading=\"lazy\" decoding=\"async\" class=\"alignleft size-medium wp-image-797\" title=\"foto\" src=\"https:\/\/comtal.org\/wp-content\/uploads\/foto.jpg\" alt=\"\" width=\"300\" height=\"211\" \/><\/a>Aquest any m&#8217;he portat molt b\u00e9. Com totes les persones que treballem en el Tercer Sector, he treballat m\u00e9s hores de les que he cobrat. Clar, que tamb\u00e9 he rebut molt m\u00e9s del que he donat, per tant, no em queixar\u00e9.  De totes maneres, aquest any, no voldria demanar per mi, sin\u00f3 per totes les entitats que lluiten per millorar la vida de tantes i tantes persones.  <strong>Voldria demanar m\u00e9s inconformistes<\/strong>. M\u00e9s persones que surtin al carrer i cridin ben fort que ja n&#8217;hi ha prou. No tenim una societat justa i cal dir-ho ben alt.  <strong>Tamb\u00e9 voldria m\u00e9s ut\u00f2pics<\/strong>. Aquells que imaginen que un m\u00f3n millor \u00e9s possible. Persones que troben noves maneres d&#8217;organitzar-se i de buscar solucions. Per\u00f2 no els ut\u00f2pics de sof\u00e0, sin\u00f3 dels que s&#8217;arremanguen i es posen a treballar.  <strong>I uns quants m\u00e9s voluntaris<\/strong>. Aquelles persones que dediquen hores i hores a fer coses pels dem\u00e9s. Ja n&#8217;hi ha molts, per\u00f2 encara queda feina per fer.  <strong>Voldria que les entitats aprenguessin a comunicar<\/strong>. Per compartir i per existir. Obrir les portes i finestres cap a fora per trobar m\u00e9s inconformistes, m\u00e9s ut\u00f2pics i m\u00e9s voluntaris.  <strong>M\u00e9s dosis de creativitat, planificaci\u00f3 i const\u00e0ncia<\/strong>. De creativitat en tenen molta, les entitats. Sin\u00f3 no s\u2019entendria que fessin tanta i tanta feina amb tants pocs recursos&#8230; Per\u00f2 una mica m\u00e9s de planificaci\u00f3 les ajudaria a canalitzar la creativitat i organitzar-se millor. La const\u00e0ncia permetria treballar sense desinflar-se i sense caure en el fer per fer, sin\u00f3 sent conscient de que tant aviat s\u2019acaba, s\u2019ha de tornar a comen\u00e7ar.  <strong>Tamb\u00e9 voldria m\u00e9s professionalitzaci\u00f3 en la gesti\u00f3&#8230;<\/strong> Ja s\u00e9 que hi ha entitats molt professionalitzades&#8230; Per\u00f2 centrar-nos tant en la causa ha fet oblidar la gesti\u00f3 dels recursos econ\u00f2mics, dels recursos humans, de la captaci\u00f3 de fons, de l\u2019organitzaci\u00f3 interna, dels processos estrat\u00e8gics,&#8230; Les causes, les organitzacions no lucratives, necessiten gesti\u00f3 per funcionar, per viure i per sobreviure.  Em sembla que, per aquest any, ja n&#8217;hi ha prou. Moltes gr\u00e0cies. Jo, em seguir\u00e9 portant b\u00e9.  PS. Voldria donar les gr\u00e0cies a totes les entitats mediambientals, culturals, de familiars de malalts mentals o de persones amb discapacitat, entitats socials, associacions de ve\u00efns o de mares i pares que m\u2019he anat trobant al llarg de l\u2019any. Persones que treballen amb i per als altres. A tots vosaltres, feli\u00e7 any nou ple grans desitjos.  Article escrit per la <strong>Irene Borr\u00e0s<\/strong>, membre del Patronat de la Fundaci\u00f3 Comtal  *<span style=\"font-family: 'Times New Roman'; font-size: small;\">Imatge d&#8217;Esti  a Flickr<\/span><\/p>\n","protected":false},"excerpt":{"rendered":"<p>Aquest any m&#8217;he portat molt b\u00e9. Com totes les persones que treballem en el Tercer Sector, he treballat m\u00e9s hores de les que he cobrat. Clar, que tamb\u00e9 he rebut [&hellip;]<\/p>\n","protected":false},"author":2,"featured_media":13118,"comment_status":"closed","ping_status":"closed","sticky":false,"template":"","format":"standard","meta":{"footnotes":""},"categories":[277],"tags":[],"class_list":["post-13275","post","type-post","status-publish","format-standard","has-post-thumbnail","hentry","category-testimonials"],"_links":{"self":[{"href":"https:\/\/comtal.org\/es\/wp-json\/wp\/v2\/posts\/13275","targetHints":{"allow":["GET"]}}],"collection":[{"href":"https:\/\/comtal.org\/es\/wp-json\/wp\/v2\/posts"}],"about":[{"href":"https:\/\/comtal.org\/es\/wp-json\/wp\/v2\/types\/post"}],"author":[{"embeddable":true,"href":"https:\/\/comtal.org\/es\/wp-json\/wp\/v2\/users\/2"}],"replies":[{"embeddable":true,"href":"https:\/\/comtal.org\/es\/wp-json\/wp\/v2\/comments?post=13275"}],"version-history":[{"count":1,"href":"https:\/\/comtal.org\/es\/wp-json\/wp\/v2\/posts\/13275\/revisions"}],"predecessor-version":[{"id":13404,"href":"https:\/\/comtal.org\/es\/wp-json\/wp\/v2\/posts\/13275\/revisions\/13404"}],"wp:featuredmedia":[{"embeddable":true,"href":"https:\/\/comtal.org\/es\/wp-json\/wp\/v2\/media\/13118"}],"wp:attachment":[{"href":"https:\/\/comtal.org\/es\/wp-json\/wp\/v2\/media?parent=13275"}],"wp:term":[{"taxonomy":"category","embeddable":true,"href":"https:\/\/comtal.org\/es\/wp-json\/wp\/v2\/categories?post=13275"},{"taxonomy":"post_tag","embeddable":true,"href":"https:\/\/comtal.org\/es\/wp-json\/wp\/v2\/tags?post=13275"}],"curies":[{"name":"wp","href":"https:\/\/api.w.org\/{rel}","templated":true}]}}