{"id":13270,"date":"2012-10-10T00:00:00","date_gmt":"2012-10-10T00:00:00","guid":{"rendered":"https:\/\/comtal.org\/empoderem-el-nostre-voluntariat\/"},"modified":"2016-10-31T13:39:52","modified_gmt":"2016-10-31T13:39:52","slug":"empoderem-el-nostre-voluntariat","status":"publish","type":"post","link":"https:\/\/comtal.org\/es\/empoderem-el-nostre-voluntariat\/","title":{"rendered":"Empoderem el nostre Voluntariat!"},"content":{"rendered":"<p><a href=\"https:\/\/comtal.org\/wp-content\/uploads\/benvinguda.jpg\"><img loading=\"lazy\" decoding=\"async\" class=\"alignleft size-full wp-image-775\" title=\"benvinguda\" src=\"https:\/\/comtal.org\/wp-content\/uploads\/benvinguda.jpg\" alt=\"\" width=\"250\" height=\"220\" \/><\/a>Un cop m\u00e9s, l\u2019Espai Joan Llu\u00eds Casanovas va acollir la primera trobada de Voluntariat del curs, aquest cop sota la tem\u00e0tica <strong>\u201cEl cicle del voluntari a la  Fundaci\u00f3 Comtal\u201d<\/strong>.  Van assistir-hi <strong>m\u00e9s d\u2019una vintena de voluntaris i volunt\u00e0ries<\/strong>, i compt\u00e0rem amb la participaci\u00f3 de l\u2019<strong>Anna-bel Carbonell<\/strong>, directora de l\u2019entitat, i la <strong>Mireia Ferr\u00e9<\/strong>, responsable de Voluntariat, que exerciren el paper de mestresses de cerim\u00f2nia. Seguint la tem\u00e0tica de la trobada, van explicar les <strong>diferents fases per les quals passa un voluntari quan arriba a la Fundaci\u00f3 Comtal<\/strong>. Com \u00e9s acollit i incorporat a la seva tasca volunt\u00e0ria, com es forma i acompanya i, finalment, quan arriba el moment, com es desvincula.  <strong>Posant-se en un paper cr\u00edtic els participants van comentar com ells farien aquests processos<\/strong>, aportant idees i despr\u00e9s posant-les en com\u00fa fent exercicis en grup. La din\u00e0mica va funcionar for\u00e7a b\u00e9, mostra d\u2019aquest \u00e8xit va ser que <strong>van sorgir v\u00e0ries propostes que tindrem en compte per continuar millorant la qualitat de la nostra atenci\u00f3 cap a l\u2019equip de voluntaris. <\/strong>  <strong>Un any m\u00e9s continuem treballant per empoderar el nostre Voluntariat.<\/strong> Teniu molt a dir i nosaltres molt bona predisposici\u00f3 en escoltar-vos!  <strong>Gr\u00e0cies per acompanyar-nos-hi i dir la vostra! <\/strong><\/p>\n","protected":false},"excerpt":{"rendered":"<p>Un cop m\u00e9s, l\u2019Espai Joan Llu\u00eds Casanovas va acollir la primera trobada de Voluntariat del curs, aquest cop sota la tem\u00e0tica \u201cEl cicle del voluntari a la Fundaci\u00f3 Comtal\u201d. Van [&hellip;]<\/p>\n","protected":false},"author":2,"featured_media":0,"comment_status":"closed","ping_status":"closed","sticky":false,"template":"","format":"standard","meta":{"footnotes":""},"categories":[277],"tags":[],"class_list":["post-13270","post","type-post","status-publish","format-standard","hentry","category-testimonials"],"_links":{"self":[{"href":"https:\/\/comtal.org\/es\/wp-json\/wp\/v2\/posts\/13270","targetHints":{"allow":["GET"]}}],"collection":[{"href":"https:\/\/comtal.org\/es\/wp-json\/wp\/v2\/posts"}],"about":[{"href":"https:\/\/comtal.org\/es\/wp-json\/wp\/v2\/types\/post"}],"author":[{"embeddable":true,"href":"https:\/\/comtal.org\/es\/wp-json\/wp\/v2\/users\/2"}],"replies":[{"embeddable":true,"href":"https:\/\/comtal.org\/es\/wp-json\/wp\/v2\/comments?post=13270"}],"version-history":[{"count":1,"href":"https:\/\/comtal.org\/es\/wp-json\/wp\/v2\/posts\/13270\/revisions"}],"predecessor-version":[{"id":13408,"href":"https:\/\/comtal.org\/es\/wp-json\/wp\/v2\/posts\/13270\/revisions\/13408"}],"wp:attachment":[{"href":"https:\/\/comtal.org\/es\/wp-json\/wp\/v2\/media?parent=13270"}],"wp:term":[{"taxonomy":"category","embeddable":true,"href":"https:\/\/comtal.org\/es\/wp-json\/wp\/v2\/categories?post=13270"},{"taxonomy":"post_tag","embeddable":true,"href":"https:\/\/comtal.org\/es\/wp-json\/wp\/v2\/tags?post=13270"}],"curies":[{"name":"wp","href":"https:\/\/api.w.org\/{rel}","templated":true}]}}