{"id":13268,"date":"2012-10-10T00:00:00","date_gmt":"2012-10-10T00:00:00","guid":{"rendered":"https:\/\/comtal.org\/exit-del-projecte-mirades\/"},"modified":"2016-10-31T13:39:52","modified_gmt":"2016-10-31T13:39:52","slug":"exit-del-projecte-mirades","status":"publish","type":"post","link":"https:\/\/comtal.org\/es\/exit-del-projecte-mirades\/","title":{"rendered":"\u00c8xit del projecte \u201cMirades\u201d"},"content":{"rendered":"<p><a href=\"https:\/\/comtal.org\/wp-content\/uploads\/mirades.jpg\"><img loading=\"lazy\" decoding=\"async\" class=\"alignleft size-medium wp-image-766\" title=\"mirades\" src=\"https:\/\/comtal.org\/wp-content\/uploads\/mirades.jpg\" alt=\"\" width=\"300\" height=\"216\" \/><\/a>El dia <strong>4 d\u2019octubre<\/strong> la Fundaci\u00f3 Comtal va estar present a la festa final del projecte<strong> \u201cMirades sobre el Voluntariat\u201d<\/strong> al Col\u00b7legi Sant Miquel. L\u2019acte va comptar amb la pres\u00e8ncia dels representants de diferents entitats, que com la nostra participaren d\u2019aquesta iniciativa, i dels <strong>alumnes dels instituts que s\u2019aproparen a la feina \u00a0de la Fundaci\u00f3 Comtal i realitzaren un v\u00eddeo per donar a con\u00e8ixer la tasca dels seus voluntaris.<\/strong>  Durant la festa es van projectar els 10 v\u00eddeos, es va recon\u00e8ixer la feina feta pels estudiants i es van lliurar els v\u00eddeos a les entitats. Despr\u00e9s, un berenar al menjador de l&#8217;escola va servir per oferir a alumnes i entitats un nou punt de trobada un cop acabat el proc\u00e9s de creaci\u00f3 dels v\u00eddeos.  Volem agrair la feina realitzada per les alumnes de l\u2019<strong>Institut Maria Aur\u00e8lia Capmany<\/strong>, que van con\u00e8ixer \u201c<em>in situ<\/em>\u201d la nostra tasca i que van crear un excel\u00b7lent material promocional per a l&#8217;entitat. Tamb\u00e9 donem les gr\u00e0cies a les diferents <strong>persones volunt\u00e0ries<\/strong>, que un cop m\u00e9s hi posaren el seu granet de sorra, i a la  <strong>Federaci\u00f3 Catalana de Voluntariat Social (FCVS), La Caixa i el Departament d\u2019Ensenyament de la Generalitat<\/strong>, per fer possible aquest projecte solidari i acompanyar-nos durant l\u2019acte.  Us deixem unes<strong> <a href=\"http:\/\/www.flickr.com\/photos\/65514268@N00\/sets\/72157631728193093\" target=\"_blank\" rel=\"noopener\">imatges de la trobada<\/a>.<\/strong>  <strong>Moltes gr\u00e0cies!!!<\/strong><\/p>\n","protected":false},"excerpt":{"rendered":"<p>El dia 4 d\u2019octubre la Fundaci\u00f3 Comtal va estar present a la festa final del projecte \u201cMirades sobre el Voluntariat\u201d al Col\u00b7legi Sant Miquel. L\u2019acte va comptar amb la pres\u00e8ncia [&hellip;]<\/p>\n","protected":false},"author":2,"featured_media":0,"comment_status":"closed","ping_status":"closed","sticky":false,"template":"","format":"standard","meta":{"footnotes":""},"categories":[277],"tags":[],"class_list":["post-13268","post","type-post","status-publish","format-standard","hentry","category-testimonials"],"_links":{"self":[{"href":"https:\/\/comtal.org\/es\/wp-json\/wp\/v2\/posts\/13268","targetHints":{"allow":["GET"]}}],"collection":[{"href":"https:\/\/comtal.org\/es\/wp-json\/wp\/v2\/posts"}],"about":[{"href":"https:\/\/comtal.org\/es\/wp-json\/wp\/v2\/types\/post"}],"author":[{"embeddable":true,"href":"https:\/\/comtal.org\/es\/wp-json\/wp\/v2\/users\/2"}],"replies":[{"embeddable":true,"href":"https:\/\/comtal.org\/es\/wp-json\/wp\/v2\/comments?post=13268"}],"version-history":[{"count":1,"href":"https:\/\/comtal.org\/es\/wp-json\/wp\/v2\/posts\/13268\/revisions"}],"predecessor-version":[{"id":13407,"href":"https:\/\/comtal.org\/es\/wp-json\/wp\/v2\/posts\/13268\/revisions\/13407"}],"wp:attachment":[{"href":"https:\/\/comtal.org\/es\/wp-json\/wp\/v2\/media?parent=13268"}],"wp:term":[{"taxonomy":"category","embeddable":true,"href":"https:\/\/comtal.org\/es\/wp-json\/wp\/v2\/categories?post=13268"},{"taxonomy":"post_tag","embeddable":true,"href":"https:\/\/comtal.org\/es\/wp-json\/wp\/v2\/tags?post=13268"}],"curies":[{"name":"wp","href":"https:\/\/api.w.org\/{rel}","templated":true}]}}