{"id":13266,"date":"2012-10-09T00:00:00","date_gmt":"2012-10-09T00:00:00","guid":{"rendered":"https:\/\/comtal.org\/fins-aviat-maria\/"},"modified":"2016-10-31T13:39:52","modified_gmt":"2016-10-31T13:39:52","slug":"fins-aviat-maria","status":"publish","type":"post","link":"https:\/\/comtal.org\/es\/fins-aviat-maria\/","title":{"rendered":"Fins aviat, Maria!"},"content":{"rendered":"<p><a href=\"https:\/\/comtal.org\/wp-content\/uploads\/Tens_rao.jpg\"><img loading=\"lazy\" decoding=\"async\" class=\"alignleft size-medium wp-image-762\" title=\"Tens_rao\" src=\"https:\/\/comtal.org\/wp-content\/uploads\/Tens_rao.jpg\" alt=\"\" width=\"300\" height=\"208\" \/><\/a>Estic aqu\u00ed treballant com si no passes res. Endre\u00e7o els meus papers, faig neteja&#8230; i em comencen a passar per davant sis anys de treball a la Fundaci\u00f3 Comtal.  Avui \u00e9s el meu \u00faltim dia, i m\u2019agradaria sortir per la porta dient \u201cFins dem\u00e0! Bon cap de setmana\u201d i deixar-ho aix\u00ed com si res. Per\u00f2 no puc, les idees, les sensacions baixen per un tobogan massa \u00a0r\u00e0pid. Cares de joves que passen, algunes esborrades, en altres aprecio clarament les seves faccions, els seus ulls, la seva veu, i recordo els seu itinerari a la nostra entitat.  Cauen sensacions: la por inicial de l\u2019inici de nous projectes, l\u2019alegria de finalitzar un curs, la calor dels companys i companyes en els moments baixos, el que sentia quan escoltava el soroll dels infants en el pati i intentava concentrar-me per acabar un informe, quan sonava un tel\u00e8fon al mateix temps que alg\u00fa picava la porta&#8230;Recordo la mirada expectant d\u2019aquell que pregunta i escolta una resposta, la il\u00b7lusi\u00f3 amb qu\u00e8 es van celebrar els 15 anys de l\u2019entitat, la inauguraci\u00f3 del seu nou local&#8230;  Per\u00f2 si m\u2019he de quedar amb alguna imatge de tots aquests anys em quedo amb l\u2019<strong>acollida<\/strong>. Si busquem la definici\u00f3 d\u2019acollida ens trobem \u201c<em><strong>rebuda oferta per una persona o un lloc<\/strong>\u201d<\/em>. <strong>A la  Fundaci\u00f3 es treballa l\u2019acollida a tots els nivells, com acollir les fam\u00edlies, els infants, els adolescents, els joves, els voluntaris, els treballadors&#8230;<\/strong> i tothom que passa per la porta. Poden ser acollides r\u00e0pides, accidentades, lentes, dif\u00edcils, f\u00e0cils, c\u00f2modes&#8230;, per\u00f2 totes elles es fan amb un somriure a la cara, mirant els ulls i procurant transmetre tota la informaci\u00f3 necess\u00e0ria perqu\u00e8 la persona conegui i s\u00e0piga quin \u00e9s el seu paper, quin \u00e9s el seu rol, qu\u00e8 demanem, qu\u00e8 oferim i, sobretot, amb qui pot comptar si t\u00e9 un dubte, una pregunta o simplement necessita un bast\u00f3.  Han estat sis anys de feina que van iniciar-se amb una acollida vertiginosa, amb un projecte que es va posar en marxa r\u00e0pidament. Posteriorment, vaig ser jo la que vaig acollir, a joves amb necessitats difuses i <em>variopintes<\/em>, per\u00f2 sobretot joves que necessitaven un espai on trobar-se c\u00f2modes i confiats, un espai de<em> relax<\/em> al que de vegades costa arribar-hi per\u00f2 un cop all\u00e0 la recompensa \u00e9s confortable. He acollit tamb\u00e9 treballadors i treballadores que s\u2019han sumat al carro de la Fundaci\u00f3 i han iniciat la seva traject\u00f2ria professional a l\u2019entitat.  Juntament a la definici\u00f3 anterior podem llegir una altra: \u201c<em><strong>protecci\u00f3 per a alg\u00fa que necessita ajuda<\/strong>\u201d<\/em>. Aquesta no l\u2019he pogut obviar, doncs <strong>s\u00f3n moltes les persones que cerquen una protecci\u00f3 a la Fundaci\u00f3 Comtal, una protecci\u00f3 per sentir-se c\u00f2modes, una protecci\u00f3 per defensar-se del m\u00f3n.<\/strong> Com b\u00e9 diu el refrany \u201cQuien bien te quiere te har\u00e1 llorar\u201d, i aquest \u00e9s el tipus de protecci\u00f3 que des de Fundaci\u00f3 Comtal s\u2019ofereix, una espatlla on plorar, per\u00f2 sense deixar d\u2019avan\u00e7ar.  <strong>Els treballadors i voluntaris que formen aquesta casa son especialistes en rebre les persones, deixar el temps necessari per a cadascuna, perqu\u00e8 un cop protegits s\u00e0piguen com i quant defensar-se, i aix\u00ed puguin continuar caminant.<\/strong>  Avui el tren arriba a la meva estaci\u00f3, a la que baixo trista per\u00f2 amb la motxilla molt m\u00e9s plena de quan vaig entrar-hi. Gracies per acollir-me, per protegir-me i ajudar-me a cr\u00e9ixer. Espero haver apr\u00e8s b\u00e9 com s\u2019acull, i desitjo poder-ho fer com vosaltres, amb un somriure en els llavis i els ulls plens d\u2019esperan\u00e7a.  Gracies a tots i totes!  <strong>Maria Torras, cap de l&#8217;\u00e0rea Laboral <\/strong><\/p>\n","protected":false},"excerpt":{"rendered":"<p>Estic aqu\u00ed treballant com si no passes res. Endre\u00e7o els meus papers, faig neteja&#8230; i em comencen a passar per davant sis anys de treball a la Fundaci\u00f3 Comtal. Avui [&hellip;]<\/p>\n","protected":false},"author":2,"featured_media":0,"comment_status":"closed","ping_status":"closed","sticky":false,"template":"","format":"standard","meta":{"footnotes":""},"categories":[277],"tags":[],"class_list":["post-13266","post","type-post","status-publish","format-standard","hentry","category-testimonials"],"_links":{"self":[{"href":"https:\/\/comtal.org\/es\/wp-json\/wp\/v2\/posts\/13266","targetHints":{"allow":["GET"]}}],"collection":[{"href":"https:\/\/comtal.org\/es\/wp-json\/wp\/v2\/posts"}],"about":[{"href":"https:\/\/comtal.org\/es\/wp-json\/wp\/v2\/types\/post"}],"author":[{"embeddable":true,"href":"https:\/\/comtal.org\/es\/wp-json\/wp\/v2\/users\/2"}],"replies":[{"embeddable":true,"href":"https:\/\/comtal.org\/es\/wp-json\/wp\/v2\/comments?post=13266"}],"version-history":[{"count":1,"href":"https:\/\/comtal.org\/es\/wp-json\/wp\/v2\/posts\/13266\/revisions"}],"predecessor-version":[{"id":13409,"href":"https:\/\/comtal.org\/es\/wp-json\/wp\/v2\/posts\/13266\/revisions\/13409"}],"wp:attachment":[{"href":"https:\/\/comtal.org\/es\/wp-json\/wp\/v2\/media?parent=13266"}],"wp:term":[{"taxonomy":"category","embeddable":true,"href":"https:\/\/comtal.org\/es\/wp-json\/wp\/v2\/categories?post=13266"},{"taxonomy":"post_tag","embeddable":true,"href":"https:\/\/comtal.org\/es\/wp-json\/wp\/v2\/tags?post=13266"}],"curies":[{"name":"wp","href":"https:\/\/api.w.org\/{rel}","templated":true}]}}