{"id":13265,"date":"2012-09-26T00:00:00","date_gmt":"2012-09-26T00:00:00","guid":{"rendered":"https:\/\/comtal.org\/comencem-el-curs-amb-les-piles-carregades\/"},"modified":"2016-10-31T13:39:52","modified_gmt":"2016-10-31T13:39:52","slug":"comencem-el-curs-amb-les-piles-carregades","status":"publish","type":"post","link":"https:\/\/comtal.org\/es\/comencem-el-curs-amb-les-piles-carregades\/","title":{"rendered":"Comencem el curs amb les piles carregades!"},"content":{"rendered":"<p><a href=\"https:\/\/comtal.org\/wp-content\/uploads\/trobada.jpg\"><img loading=\"lazy\" decoding=\"async\" class=\"alignleft size-medium wp-image-757\" title=\"trobada\" alt=\"\" src=\"https:\/\/comtal.org\/wp-content\/uploads\/trobada.jpg\" width=\"300\" height=\"199\" \/><\/a>Amics, amigues,  Ja tornem a estar aqu\u00ed, amb m\u00e9s energia que mai per tirar endavant un curs m\u00e9s! Esperem que les vacances t\u2019hagin anat d\u2019all\u00f2 m\u00e9s b\u00e9, i vinguis amb ganes i il\u00b7lusi\u00f3 per continuar col\u00b7laborant amb nosaltres.  Per reprendre el tema, el dia <strong>4 d\u2019octubre<\/strong> a les <strong>19 hores<\/strong> farem la <strong>primera Trobada de Voluntariat del curs <\/strong>on donarem a con\u00e8ixer les novetats del curs. Ser\u00e0 un bon moment per retrobar-nos i acollir aquelles persones que s\u2019incorporen enguany com a voluntaris i volunt\u00e0ries. La trobada ser\u00e0 a \u00a0l\u2019<strong>Espai Gm\u00e0. Joan Llu\u00eds Casanovas<\/strong>, al carrer Sant Pere Mitj\u00e0, 81.  Et convidem a venir-hi i aprofitem per recordar-te algunes dates importants: <\/p>\n<ul>\n<li>Els dies<strong> 26, 27 i 28 de setembre<\/strong> comen\u00e7ar\u00e0 l\u2019acollida de les activitats en el Centre Obert Tria de refor\u00e7 escolar, deures i Tardes Tria.<\/li>\n<li>El dia <strong>1 octubre<\/strong> comen\u00e7aran les activitats de Tardes Tria i l\u2019activitat de Fam\u00edlies.<\/li>\n<li>Les activitats en els altres projectes (Gesti\u00f3, Comunicaci\u00f3, CRAE, \u00d2mnia, Inserci\u00f3, Punt d&#8217;Informaci\u00f3&#8230;) van iniciar-se el dia <strong>3 de setembre<\/strong>.<\/li>\n<\/ul>\n<p> Si us plau, confirma assist\u00e8ncia a la Trobada enviant un e-mail a <strong><a href=\"mailto:voluntariat@comtal.org\">voluntariat@comtal.org<\/a> (Mireia Ferr\u00e9)<\/strong>.  Ens veiem molt aviat!<\/p>\n","protected":false},"excerpt":{"rendered":"<p>Amics, amigues, Ja tornem a estar aqu\u00ed, amb m\u00e9s energia que mai per tirar endavant un curs m\u00e9s! Esperem que les vacances t\u2019hagin anat d\u2019all\u00f2 m\u00e9s b\u00e9, i vinguis amb [&hellip;]<\/p>\n","protected":false},"author":2,"featured_media":13137,"comment_status":"closed","ping_status":"closed","sticky":false,"template":"","format":"standard","meta":{"footnotes":""},"categories":[277],"tags":[],"class_list":["post-13265","post","type-post","status-publish","format-standard","has-post-thumbnail","hentry","category-testimonials"],"_links":{"self":[{"href":"https:\/\/comtal.org\/es\/wp-json\/wp\/v2\/posts\/13265","targetHints":{"allow":["GET"]}}],"collection":[{"href":"https:\/\/comtal.org\/es\/wp-json\/wp\/v2\/posts"}],"about":[{"href":"https:\/\/comtal.org\/es\/wp-json\/wp\/v2\/types\/post"}],"author":[{"embeddable":true,"href":"https:\/\/comtal.org\/es\/wp-json\/wp\/v2\/users\/2"}],"replies":[{"embeddable":true,"href":"https:\/\/comtal.org\/es\/wp-json\/wp\/v2\/comments?post=13265"}],"version-history":[{"count":1,"href":"https:\/\/comtal.org\/es\/wp-json\/wp\/v2\/posts\/13265\/revisions"}],"predecessor-version":[{"id":13410,"href":"https:\/\/comtal.org\/es\/wp-json\/wp\/v2\/posts\/13265\/revisions\/13410"}],"wp:featuredmedia":[{"embeddable":true,"href":"https:\/\/comtal.org\/es\/wp-json\/wp\/v2\/media\/13137"}],"wp:attachment":[{"href":"https:\/\/comtal.org\/es\/wp-json\/wp\/v2\/media?parent=13265"}],"wp:term":[{"taxonomy":"category","embeddable":true,"href":"https:\/\/comtal.org\/es\/wp-json\/wp\/v2\/categories?post=13265"},{"taxonomy":"post_tag","embeddable":true,"href":"https:\/\/comtal.org\/es\/wp-json\/wp\/v2\/tags?post=13265"}],"curies":[{"name":"wp","href":"https:\/\/api.w.org\/{rel}","templated":true}]}}