{"id":13263,"date":"2012-09-18T00:00:00","date_gmt":"2012-09-18T00:00:00","guid":{"rendered":"https:\/\/comtal.org\/hola-em-recordes\/"},"modified":"2016-10-31T13:39:52","modified_gmt":"2016-10-31T13:39:52","slug":"hola-em-recordes","status":"publish","type":"post","link":"https:\/\/comtal.org\/es\/hola-em-recordes\/","title":{"rendered":"Hola, em recordes???"},"content":{"rendered":"<p><a href=\"https:\/\/comtal.org\/wp-content\/uploads\/noia.jpg\"><img loading=\"lazy\" decoding=\"async\" class=\"alignleft size-medium wp-image-751\" title=\"noia\" src=\"https:\/\/comtal.org\/wp-content\/uploads\/noia.jpg\" alt=\"\" width=\"300\" height=\"205\" \/><\/a>Dissabte, quarts de dotze de la nit. Torno cap a casa despr\u00e9s d\u2019haver sopat amb la mare, pensant en qualsevol cosa intranscendent&#8230; Tot d\u2019una, davant meu, un rostre expectant amb un somriure d\u2019orella a orella que em diu:  <strong>&#8211; Hola, em recordes???<\/strong>  L\u2019engranatge del meu cervell comen\u00e7a a moure\u2019s fren\u00e8ticament: jo conec aquesta cara!!! Per\u00f2 d\u2019on? Quan? Abans no aconsegueixo trobar la resposta sento:  <strong>&#8211; S\u00f3c l\u2019Ant\u00f2nia<\/strong>  I de sobte, aquestes tres paraules donen pas a un collage d\u2019imatges: l\u2019Ant\u00f2nia, \u00e9s clar, aquella adolescent introvertida, de vegades fins i tot un p\u00e8l esquerpa, amb la seva dessuadora amb caputxa, que al principi no sabia ni qu\u00e8 feia all\u00e0&#8230;  <strong>&#8211; I tant que et recordo!!!<\/strong> \u2013 dic tota il\u00b7lusionada  Com tamb\u00e9 <strong>recordo aquells moments, ara fa 10 anys, quan vas venir als projectes de joves de la Fundaci\u00f3 Comtal, la teva retic\u00e8ncia inicial quan intent\u00e0vem apropar-nos a tu, les teves negatives velades a les nostres propostes&#8230; I recordo els primers somriures d\u2019agra\u00efment que poc a poc vas deixar sortir. Per\u00f2 sobretot, em ve al cap la imatge de tots nosaltres creuant els dits quan per fi v\u00e0rem trobar el que realment volies fer i vas decidir apostar per tu i pel teu futur.<\/strong>  En uns pocs minuts m\u2019expliques que s\u00ed, que vas acabar aquell curs; que, tot i que no vas triomfar amb la primera feina, finalment vas poder entrar a treballar a La Vanguardia i que, per fi, t\u2019hi han fet fixa; que t\u2019has independitzat i vius amb la teva parella.  I el que no dius, per\u00f2 jo veig, \u00e9s que ets feli\u00e7 i que t\u2019agrada poder compartir-ho amb mi.  I el que no saps \u00e9s que <strong>aquests cinc minuts d\u2019un dissabte a la nit \u00a0donen sentit i resposta als anys que fa que des la Fundaci\u00f3 Comtal treballem amb d\u2019altres adolescents i joves que necessiten un cop de m\u00e0 per sortir-se\u2019n.<\/strong>  <strong>Gr\u00e0cies, Ant\u00f2nia!!! <\/strong>Dem\u00e0 tornarem a la feina sabent que podem aconseguir fer realitat que l\u2019<strong>educaci\u00f3 sigui clau de futur<\/strong>.  <strong>Article escrit per l&#8217;Al\u00edcia Artiaga, volunt\u00e0ria i membre del Patronat de la Fundaci\u00f3 Comtal. <\/strong><\/p>\n","protected":false},"excerpt":{"rendered":"<p>Dissabte, quarts de dotze de la nit. Torno cap a casa despr\u00e9s d\u2019haver sopat amb la mare, pensant en qualsevol cosa intranscendent&#8230; Tot d\u2019una, davant meu, un rostre expectant amb [&hellip;]<\/p>\n","protected":false},"author":2,"featured_media":0,"comment_status":"closed","ping_status":"closed","sticky":false,"template":"","format":"standard","meta":{"footnotes":""},"categories":[277],"tags":[],"class_list":["post-13263","post","type-post","status-publish","format-standard","hentry","category-testimonials"],"_links":{"self":[{"href":"https:\/\/comtal.org\/es\/wp-json\/wp\/v2\/posts\/13263","targetHints":{"allow":["GET"]}}],"collection":[{"href":"https:\/\/comtal.org\/es\/wp-json\/wp\/v2\/posts"}],"about":[{"href":"https:\/\/comtal.org\/es\/wp-json\/wp\/v2\/types\/post"}],"author":[{"embeddable":true,"href":"https:\/\/comtal.org\/es\/wp-json\/wp\/v2\/users\/2"}],"replies":[{"embeddable":true,"href":"https:\/\/comtal.org\/es\/wp-json\/wp\/v2\/comments?post=13263"}],"version-history":[{"count":1,"href":"https:\/\/comtal.org\/es\/wp-json\/wp\/v2\/posts\/13263\/revisions"}],"predecessor-version":[{"id":13411,"href":"https:\/\/comtal.org\/es\/wp-json\/wp\/v2\/posts\/13263\/revisions\/13411"}],"wp:attachment":[{"href":"https:\/\/comtal.org\/es\/wp-json\/wp\/v2\/media?parent=13263"}],"wp:term":[{"taxonomy":"category","embeddable":true,"href":"https:\/\/comtal.org\/es\/wp-json\/wp\/v2\/categories?post=13263"},{"taxonomy":"post_tag","embeddable":true,"href":"https:\/\/comtal.org\/es\/wp-json\/wp\/v2\/tags?post=13263"}],"curies":[{"name":"wp","href":"https:\/\/api.w.org\/{rel}","templated":true}]}}