{"id":13260,"date":"2012-09-06T00:00:00","date_gmt":"2012-09-06T00:00:00","guid":{"rendered":"https:\/\/comtal.org\/ens-toca-tambe-rebre\/"},"modified":"2016-10-31T13:39:52","modified_gmt":"2016-10-31T13:39:52","slug":"ens-toca-tambe-rebre","status":"publish","type":"post","link":"https:\/\/comtal.org\/es\/ens-toca-tambe-rebre\/","title":{"rendered":"Ens toca tamb\u00e9 rebre"},"content":{"rendered":"<p><a href=\"https:\/\/comtal.org\/wp-content\/uploads\/retall.jpg\"><img loading=\"lazy\" decoding=\"async\" class=\"alignleft size-full wp-image-745\" title=\"retall\" src=\"https:\/\/comtal.org\/wp-content\/uploads\/retall.jpg\" alt=\"\" width=\"285\" height=\"284\" \/><\/a>A mitjans de maig coneix\u00edem que es preveia una <strong>retallada de 256 milions d\u2019euros per part de l\u2019Estat en les transfer\u00e8ncies per a pol\u00edtiques actives d\u2019ocupaci\u00f3 a Catalunya en el 2012<\/strong>, que l\u00f2gicament afecta a un gran nombre d\u2019entitats socials, com la nostra, i als col\u00b7lectius que atenem.  La col\u00b7laboraci\u00f3 entre Administraci\u00f3 P\u00fablica i entitats del Tercer Sector Social es trenca i <strong>el model d\u2019inserci\u00f3 laboral per a joves queda destru\u00eft. <\/strong>La pol\u00edtica de prevenci\u00f3 i formaci\u00f3 per a joves en fragilitat s\u2019est\u00e0 desmuntant en la seva totalitat. A on ens voleu portar, Administracions? Sabeu que \u00e9s molt\u00edssim m\u00e9s barat educar i formar que una pla\u00e7a penitenci\u00e0ria? Us \u00e9s igual?  <strong>A la Fundaci\u00f3 Comtal hem fet b\u00e9 la feina, treballem per la nostra missi\u00f3 d\u2019educar i formar infants i joves, hem estat austers, rigorosos en el control econ\u00f2mic i els nostres professionals i voluntaris\/es treballen amb qualitat i efic\u00e0cia.<\/strong> No hem caigut en el parany de viure exclusivament dels diners de l\u2019Administraci\u00f3, per\u00f2 s\u00f3n del tot imprescindibles per tirar endavant determinats projectes. Ens hem diversificat en el nostre finan\u00e7ament fent accions innovadores, curioses i fins i tot alguna vegada una mica estramb\u00f2tiques. Hem fet i farem malabars, per\u00f2 encara que creiem en la provid\u00e8ncia darrerament sembla que t\u00e9 molta feina.  A tall d\u2019exemple, en el sector tenim retallades en tot l\u2019\u00e0mbit d\u2019inserci\u00f3 de joves, discapacitat o trastorn mental, Centres Especials de Treball, joves amb frac\u00e0s escolar, perceptors de rendes m\u00ednimes, persones aturades de llarga durada, majors de 45 anys&#8230;  Aquest mes de juliol hem vist com, a banda de les retallades, en el nostre cas s\u2019incorporava la nova variable d\u2019<strong>impagament del concert del nostre Centre Residencial d\u2019Acci\u00f3 Educativa (CRAE La Salle)<\/strong>, a m\u00e9s del <strong>retard en el pagament del conveni per la  Unitat d\u2019Escolaritzaci\u00f3 Compartida (UEC)<\/strong>. <strong>Si aix\u00f2 es repeteix sovint tindrem un col\u00b7lapse que far\u00e0 m\u00e9s greu la  situaci\u00f3. <\/strong>Sentim for\u00e7a impot\u00e8ncia i indefensi\u00f3, i ens deixa astorats veure com altres sectors es beneficien de grans riuades de diners.  <strong>La tasca de promoci\u00f3 i de contenci\u00f3 que duem a terme les entitats socials \u00e9s fonamental i insubstitu\u00efble per tal que els col\u00b7lectius m\u00e9s vulnerables disposin d\u2019igualtat d\u2019oportunitats en l\u2019acc\u00e9s al m\u00f3n del treball i no arribin a l\u2019exclusi\u00f3.<\/strong>  De moment, en el nostre cas aquest nou escenari provocar\u00e0 nom\u00e9s alguns ajusts a la baixa d\u2019horaris de treballadors\/es, per\u00f2 mantenint temporalment tota la plantilla.  A nivell de Tercer Sector Social i <strong>arrel de l\u2019impagament de juliol, una part dels 100.000 treballadors\/es del sector s\u2019han quedat aquest mes sense cobrar la seva n\u00f2mina<\/strong>. Sortosament nosaltres, i gr\u00e0cies a la bona gesti\u00f3 de tresoreria, hem pogut abonar sense problemes les retribucions als treballadors\/es.  <strong> Quin futur els podrem oferir al 29% d\u2019adolescents i joves que pateixen frac\u00e0s escolar? Qu\u00e8 faran els milers de nois i noies que no han obtingut l\u2019ESO i que es quedaran sense una pla\u00e7a de formaci\u00f3 professional o ocupacional el proper mes de setembre? <\/strong>Tenim en perill la continu\u00eftat de milers de places, tant de projectes d\u2019inserci\u00f3 sociolaboral com de cursos ocupacionals i Programes de Qualificaci\u00f3 Professional (PQPI). D\u2019aquest darrer programa coneixem que han estat suprimits els set milions d\u2019euros que s\u2019oferien a trav\u00e9s d\u2019escoles concertades, fundacions i entitats socials.  <strong> Les diferents federacions que ens representen (FEDAIA, ECAS, Taula del Tercer Sector Social) estan fent tota una feina de pressi\u00f3, denunciant la situaci\u00f3 davant la societat, perqu\u00e8 els poders p\u00fablics no facin pagar la crisi nom\u00e9s als m\u00e9s febles i donant a con\u00e8ixer que les entitats no lucratives<\/strong>,<strong> que missionalment donem suport als m\u00e9s fr\u00e0gils, ens trobem tamb\u00e9 escanyades per aconseguir els recursos necessaris per tirar endavant els programes de formaci\u00f3, inserci\u00f3 i acompanyament.<\/strong>  En un context social amb un 52% d&#8217;atur juvenil, la supressi\u00f3 en alguns casos total de programes de formaci\u00f3 i d\u2019inserci\u00f3 ens aboca a recordar que <strong>estem oblidant tota una futura generaci\u00f3 de joves a qui no estem oferint cap futur.<\/strong> Nosaltres ens rebel\u00b7lem contra aix\u00f2, per\u00f2 les Administracions no semblen gaire disposades a arreglar aquest greu error.  <strong>Article escrit pel Jordi Jover, vicepresident de la Fundaci\u00f3 Comtal <\/strong><\/p>\n","protected":false},"excerpt":{"rendered":"<p>A mitjans de maig coneix\u00edem que es preveia una retallada de 256 milions d\u2019euros per part de l\u2019Estat en les transfer\u00e8ncies per a pol\u00edtiques actives d\u2019ocupaci\u00f3 a Catalunya en el [&hellip;]<\/p>\n","protected":false},"author":2,"featured_media":0,"comment_status":"closed","ping_status":"closed","sticky":false,"template":"","format":"standard","meta":{"footnotes":""},"categories":[277],"tags":[],"class_list":["post-13260","post","type-post","status-publish","format-standard","hentry","category-testimonials"],"_links":{"self":[{"href":"https:\/\/comtal.org\/es\/wp-json\/wp\/v2\/posts\/13260","targetHints":{"allow":["GET"]}}],"collection":[{"href":"https:\/\/comtal.org\/es\/wp-json\/wp\/v2\/posts"}],"about":[{"href":"https:\/\/comtal.org\/es\/wp-json\/wp\/v2\/types\/post"}],"author":[{"embeddable":true,"href":"https:\/\/comtal.org\/es\/wp-json\/wp\/v2\/users\/2"}],"replies":[{"embeddable":true,"href":"https:\/\/comtal.org\/es\/wp-json\/wp\/v2\/comments?post=13260"}],"version-history":[{"count":1,"href":"https:\/\/comtal.org\/es\/wp-json\/wp\/v2\/posts\/13260\/revisions"}],"predecessor-version":[{"id":13412,"href":"https:\/\/comtal.org\/es\/wp-json\/wp\/v2\/posts\/13260\/revisions\/13412"}],"wp:attachment":[{"href":"https:\/\/comtal.org\/es\/wp-json\/wp\/v2\/media?parent=13260"}],"wp:term":[{"taxonomy":"category","embeddable":true,"href":"https:\/\/comtal.org\/es\/wp-json\/wp\/v2\/categories?post=13260"},{"taxonomy":"post_tag","embeddable":true,"href":"https:\/\/comtal.org\/es\/wp-json\/wp\/v2\/tags?post=13260"}],"curies":[{"name":"wp","href":"https:\/\/api.w.org\/{rel}","templated":true}]}}