{"id":13258,"date":"2012-09-03T00:00:00","date_gmt":"2012-09-03T00:00:00","guid":{"rendered":"https:\/\/comtal.org\/la-canco-de-la-felicitat\/"},"modified":"2016-10-31T13:39:52","modified_gmt":"2016-10-31T13:39:52","slug":"la-canco-de-la-felicitat","status":"publish","type":"post","link":"https:\/\/comtal.org\/es\/la-canco-de-la-felicitat\/","title":{"rendered":"La can\u00e7\u00f3 de la felicitat"},"content":{"rendered":"<p><a href=\"https:\/\/comtal.org\/wp-content\/uploads\/notes.jpg\"><img loading=\"lazy\" decoding=\"async\" class=\"alignleft size-medium wp-image-737\" title=\"notes\" src=\"https:\/\/comtal.org\/wp-content\/uploads\/notes.jpg\" alt=\"\" width=\"300\" height=\"218\" \/><\/a>No penseu que s\u00f3c il\u00b7lusa, per\u00f2 sento que necessito parlar d\u2019altres temes -tot i que no s\u00e9 si ho aconseguir\u00e9- i oxigenar-me davant de tantes males not\u00edcies econ\u00f2miques que fan angoixar.  Necessito distanciar-me, ni que sigui uns segons i creure m\u00e9s fermament que mai que, tot i que el govern ha trencat el gran pacte, podrem continuar vetllant pels m\u00e9s febles, pels desemparats, per aquells que per mil motius o per cap, simplement per her\u00e8ncia, sempre necessitaran de l\u2019ajut d\u2019altres&#8230; de les administracions, de les entitats socials, dels milers de voluntaris, de tots aquells professionals que ens dediquem al m\u00f3n social\u2026 no us vull parlar de retallades econ\u00f2miques, d\u2019impagaments, de manca d\u2019\u00e8tica\u2026 perqu\u00e8 ja ho estem vivint tots de primera m\u00e0 i, des dels mitjans de comunicaci\u00f3 ja se\u2019ns informa prou insistentment mitjan\u00e7ant l&#8217;opini\u00f3 d\u2019experts que ho fan des de la teoria.. potser si ho fessin des de la pr\u00e0ctica ho farien amb un altre to.  A la nostra entitat, hem tancat un curs ple d\u2019alts i baixos i amb un sentit m\u00e9s aviat agredol\u00e7.  Dol\u00e7 perqu\u00e8, com deia en un altre escrit, despr\u00e9s de 18 anys continuem creient en el que fem i estem conven\u00e7uts que fem una bona feina a favor de l\u2019educaci\u00f3 dels infants i les seves fam\u00edlies, i de la inserci\u00f3 laboral dels joves.  Agre perqu\u00e8 les circumst\u00e0ncies actuals de noves pobreses i precarietats, i les retallades pressupost\u00e0ries amenacen amb eclipsar-nos, malgrat que les necessitats socials \u2013lluny de permetre fer realitat el vell somni de que entitats com la nostra deixin de ser \u00fatils a la comunitat-\u00a0 van <em>in crescendo<\/em>.  I, malgrat aquest panorama preparem un nou curs al qual caldr\u00e0 posar-hi molta creativitat i un bri d\u2019esperan\u00e7a.  Al meu costat, mentre escric aquestes l\u00ednies, la quitxalla riu, juga, balla,\u2026\u00a0 Escolto atenta la seva xerrameca innocent, i al fons ressona la lletra d\u2019una can\u00e7\u00f3 infantil: <strong>\u201cSi est\u00e0s trist i et manca l\u2019alegria corre a fer fora la malenconia. Vine amb mi i t\u2019ensenyar\u00e9 la can\u00e7\u00f3 de la felicitat&#8230;\u201d<\/strong>.  Per alguns pot semblar un insult o pressa de p\u00e8l parlar de felicitat en les circumst\u00e0ncies socials actuals\u2026Per\u00f2 per a b\u00e9 o per a mal la vida segueix, els infants ens interpel\u00b7len i continuen reclamant la nostra esperan\u00e7a, la nostra abra\u00e7ada, el petit somriure matiner que els convida a cr\u00e9ixer.  I, davant d\u2019aix\u00f2, els adults haurem de <strong>\u201c\u2026 corre a fer fora la malenconia&#8230;\u201d <\/strong>si volem continuar essent el mirall en el qual es veuen reflectits i el seu punt de refer\u00e8ncia.  Un menut m\u2019agafa la m\u00e0, em somriu, em demana que canti amb ell i penso&#8230;. perqu\u00e8 no!  <strong>Article escrit per l&#8217;Anna-bel Carbonell, directora de la Fundaci\u00f3 Comtal <\/strong><\/p>\n","protected":false},"excerpt":{"rendered":"<p>No penseu que s\u00f3c il\u00b7lusa, per\u00f2 sento que necessito parlar d\u2019altres temes -tot i que no s\u00e9 si ho aconseguir\u00e9- i oxigenar-me davant de tantes males not\u00edcies econ\u00f2miques que fan [&hellip;]<\/p>\n","protected":false},"author":2,"featured_media":0,"comment_status":"closed","ping_status":"closed","sticky":false,"template":"","format":"standard","meta":{"footnotes":""},"categories":[277],"tags":[],"class_list":["post-13258","post","type-post","status-publish","format-standard","hentry","category-testimonials"],"_links":{"self":[{"href":"https:\/\/comtal.org\/es\/wp-json\/wp\/v2\/posts\/13258","targetHints":{"allow":["GET"]}}],"collection":[{"href":"https:\/\/comtal.org\/es\/wp-json\/wp\/v2\/posts"}],"about":[{"href":"https:\/\/comtal.org\/es\/wp-json\/wp\/v2\/types\/post"}],"author":[{"embeddable":true,"href":"https:\/\/comtal.org\/es\/wp-json\/wp\/v2\/users\/2"}],"replies":[{"embeddable":true,"href":"https:\/\/comtal.org\/es\/wp-json\/wp\/v2\/comments?post=13258"}],"version-history":[{"count":1,"href":"https:\/\/comtal.org\/es\/wp-json\/wp\/v2\/posts\/13258\/revisions"}],"predecessor-version":[{"id":13413,"href":"https:\/\/comtal.org\/es\/wp-json\/wp\/v2\/posts\/13258\/revisions\/13413"}],"wp:attachment":[{"href":"https:\/\/comtal.org\/es\/wp-json\/wp\/v2\/media?parent=13258"}],"wp:term":[{"taxonomy":"category","embeddable":true,"href":"https:\/\/comtal.org\/es\/wp-json\/wp\/v2\/categories?post=13258"},{"taxonomy":"post_tag","embeddable":true,"href":"https:\/\/comtal.org\/es\/wp-json\/wp\/v2\/tags?post=13258"}],"curies":[{"name":"wp","href":"https:\/\/api.w.org\/{rel}","templated":true}]}}