{"id":13256,"date":"2012-07-18T00:00:00","date_gmt":"2012-07-18T00:00:00","guid":{"rendered":"https:\/\/comtal.org\/el-futur-que-ens-espera\/"},"modified":"2016-10-31T13:39:52","modified_gmt":"2016-10-31T13:39:52","slug":"el-futur-que-ens-espera","status":"publish","type":"post","link":"https:\/\/comtal.org\/es\/el-futur-que-ens-espera\/","title":{"rendered":"El futur que ens espera"},"content":{"rendered":"<p><a href=\"https:\/\/comtal.org\/wp-content\/uploads\/cam\u00ed.jpg\"><img loading=\"lazy\" decoding=\"async\" class=\"alignleft size-medium wp-image-732\" title=\"cam\u00ed\" src=\"https:\/\/comtal.org\/wp-content\/uploads\/cam\u00ed.jpg\" alt=\"\" width=\"300\" height=\"214\" \/><\/a>Digueu-me vision\u00e0ria per\u00f2<strong> veig molt clar el futur que ens espera si les coses continuen per aquest cam\u00ed de declivi en picat<\/strong>, fet gaireb\u00e9 en silenci i amb compta gotes, <strong>de molts aspectes que afecten a tota la ciutadania.<\/strong>  Si mirem enrere ens trobem amb <strong>retallades a les prestacions socials m\u00e9s b\u00e0siques<\/strong>, com ara a la Renda M\u00ednima d\u2019Inserci\u00f3 o a l\u2019atur. Amb retallades a la sanitat que afecten directament les persones amb menys recursos. Amb retallades a l\u2019educaci\u00f3, que ens converteixen a la llarga en un pa\u00eds de ciutadans m\u00e9s empobrits culturalment, i per tant m\u00e9s manipulables i menys lliures. Ens trobem amb la pujada d\u2019impostos i consums de la llar, que ofega moltes fam\u00edlies que estaran disposades a treballar a qualsevol preu per poder sobreviure. Amb la retallada en serveis d\u2019atenci\u00f3 a la inf\u00e0ncia en risc, que ens deixa sense alternatives per acompanyar aquests nens i nenes que continuen existint i que tenen problemes greus per desenvolupar-se. I, finalment, tamb\u00e9 estem fent front a l\u2019eliminaci\u00f3 de molts ajuts socials, com els d\u2019inserci\u00f3 laboral, que provoca que moltes persones deixin de tenir les m\u00ednimes oportunitats i suports, i que moltes de les entitats que els acollim (i, com a efecte col\u00b7lateral, evitem que estiguin al carrer \u00a0i fem prevenci\u00f3 perqu\u00e8 no arribin a situacions l\u00edmit) deixarem de poder-ho fer, al menys com fins ara.  D\u00f3na la sensaci\u00f3 com si alg\u00fa dels que remenen les cireres (entengui\u2019s pol\u00edtics, entengui\u2019s mercats financers&#8230;) \u00e9s tan ingenu de pensar que eliminant les prestacions, les persones pobres, les persones que utilitzen els serveis del benestar, s\u2019esfumaran com per art de m\u00e0gia i ja no seran necessaris tants ajuts i suports. Per\u00f2 no! Per incre\u00efble que sembli,<strong> les persones, els problemes, la pobresa, les malalties i les difer\u00e8ncies socials continuaran existint i continuar\u00e0 essent necessari posar-hi algun remei si volem viure en un entorn de pau social.<\/strong>  I aqu\u00ed vaig, a qu\u00e8 potser s\u00f3c pessimista, per\u00f2 <strong>penso que anem cap a una societat cada vegada m\u00e9s desigual<\/strong>, on tindrem una m\u00ednima c\u00fapula que prendr\u00e0 decisions buscant el seu propi benefici. Aquesta c\u00fapula no tindr\u00e0 les limitacions que suposa l\u2019estat del benestar: viur\u00e0 en zones blindades, tals com les de les grans ciutats del Brasil, antag\u00f2niques a la majoria d\u2019infravivendes on ens trobarem una \u00e0mplia majoria de persones pobres. Aquestes persones, que no tindran recursos p\u00fablics disponibles, es trobaran dins d\u2019una esp\u00e8cie de llei de la selva de salvi\u2019s qui pugui que, per tal que no facin massa soroll i posin traves a l\u2019alegre cam\u00ed dels acomodats, estaran controlats per les forces de l\u2019ordre&#8230; Doncs, al cap i a la fi, pagar a uns quants guardes per mantenir el ramat en ordre deu sortir m\u00e9s barat que sostenir tot un estat del benestar.  <strong> Digueu-me vision\u00e0ria per\u00f2 veig 1984 al girar de la cantonada&#8230;<\/strong>  Article escrit per la<strong> Laia Savall, <\/strong>Insertora-Prospectora de l&#8217;\u00e0rea Laboral de la Fundaci\u00f3 Comtal<strong>. <\/strong><\/p>\n","protected":false},"excerpt":{"rendered":"<p>Digueu-me vision\u00e0ria per\u00f2 veig molt clar el futur que ens espera si les coses continuen per aquest cam\u00ed de declivi en picat, fet gaireb\u00e9 en silenci i amb compta gotes, [&hellip;]<\/p>\n","protected":false},"author":2,"featured_media":0,"comment_status":"closed","ping_status":"closed","sticky":false,"template":"","format":"standard","meta":{"footnotes":""},"categories":[277],"tags":[],"class_list":["post-13256","post","type-post","status-publish","format-standard","hentry","category-testimonials"],"_links":{"self":[{"href":"https:\/\/comtal.org\/es\/wp-json\/wp\/v2\/posts\/13256","targetHints":{"allow":["GET"]}}],"collection":[{"href":"https:\/\/comtal.org\/es\/wp-json\/wp\/v2\/posts"}],"about":[{"href":"https:\/\/comtal.org\/es\/wp-json\/wp\/v2\/types\/post"}],"author":[{"embeddable":true,"href":"https:\/\/comtal.org\/es\/wp-json\/wp\/v2\/users\/2"}],"replies":[{"embeddable":true,"href":"https:\/\/comtal.org\/es\/wp-json\/wp\/v2\/comments?post=13256"}],"version-history":[{"count":1,"href":"https:\/\/comtal.org\/es\/wp-json\/wp\/v2\/posts\/13256\/revisions"}],"predecessor-version":[{"id":13414,"href":"https:\/\/comtal.org\/es\/wp-json\/wp\/v2\/posts\/13256\/revisions\/13414"}],"wp:attachment":[{"href":"https:\/\/comtal.org\/es\/wp-json\/wp\/v2\/media?parent=13256"}],"wp:term":[{"taxonomy":"category","embeddable":true,"href":"https:\/\/comtal.org\/es\/wp-json\/wp\/v2\/categories?post=13256"},{"taxonomy":"post_tag","embeddable":true,"href":"https:\/\/comtal.org\/es\/wp-json\/wp\/v2\/tags?post=13256"}],"curies":[{"name":"wp","href":"https:\/\/api.w.org\/{rel}","templated":true}]}}