{"id":13253,"date":"2012-06-26T00:00:00","date_gmt":"2012-06-26T00:00:00","guid":{"rendered":"https:\/\/comtal.org\/una-trobada-diferent\/"},"modified":"2016-10-31T13:39:52","modified_gmt":"2016-10-31T13:39:52","slug":"una-trobada-diferent","status":"publish","type":"post","link":"https:\/\/comtal.org\/es\/una-trobada-diferent\/","title":{"rendered":"Una trobada diferent!"},"content":{"rendered":"<p><a href=\"https:\/\/comtal.org\/wp-content\/uploads\/trobada_ruta.jpg\"><img loading=\"lazy\" decoding=\"async\" class=\"alignleft size-medium wp-image-729\" title=\"trobada_ruta\" src=\"https:\/\/comtal.org\/wp-content\/uploads\/trobada_ruta.jpg\" alt=\"\" width=\"300\" height=\"199\" \/><\/a>Saps quantes nacionalitats conviuen al barri de Sant Pere, Santa Caterina i la Ribera? I com es distribueixen al territori?&#8230;Saps on estava situat el primer local que va tenir la Fundaci\u00f3 Comtal?&#8230;O quin \u00e9s l\u2019origen del nom del carrer d\u2019Allada Vermell o del fam\u00f3s Princesa?&#8230;  Els nostres voluntaris i volunt\u00e0ries ja coneixen la resposta a totes aquestes preguntes i a moltes altres que tenen a veure amb el lloc on desenvolupen la seva tasca solid\u00e0ria. <strong>Molts\/es d\u2019ells\/es van participar de la ruta guiada que vam organitzar, amb motiu de la trobada de fi de curs del Voluntariat, en qu\u00e8 van descobrir el barri, la seva ciutadania i la seva hist\u00f2ria, aix\u00ed com els or\u00edgens de la nostra entitat.<\/strong>  Com no podia ser menys, el recorregut va venir guiat per persones que formen part de la Fundaci\u00f3  Comtal. La <strong>Montse Pedret<\/strong>, treballadora del Centre Obert Tria, va explicar-nos el context sociol\u00f2gic de la zona; l\u2019<strong>Al\u00edcia Artiaga<\/strong> i el <strong>Salvador Fargas<\/strong>, membres del Patronat, van encuriosir-nos amb an\u00e8cdotes dels espais de la nostra entitat, i l\u2019<strong>Antonio Blanco<\/strong> i el <strong>Josep Maria Liso<\/strong>, tots dos voluntaris, van esbalair-nos amb hist\u00f2ries viscudes en primera persona a diferents racons del barri.  <strong>Va ser un c\u00f2ctel d\u2019experi\u00e8ncies, d\u2019an\u00e8cdotes i de diversi\u00f3<\/strong>, una trobada diferent per\u00f2 amb una nota com\u00fa amb la resta de reunions celebrades fins ara.<strong> Els nostres voluntaris i volunt\u00e0ries van continuar sent els protagonistes, un acte fet per als voluntaris i, aquest cop a m\u00e9s, amb el suport dels voluntaris.<\/strong> La Comissi\u00f3 de Voluntariat de la Fundaci\u00f3 Comtal va decidir qu\u00e8 volia fer i qu\u00e8 es volia explicar en aquesta trobada&#8230;Vam prendre nota i vet aqu\u00ed el resultat!  L\u2019acte va acabar amb un <strong>refrigeri<\/strong> i amb el lliurament d\u2019un <strong>petit detallet<\/strong> per a totes aquelles persones que dediquen el seu a dia a dia a fer possible que m\u00e9s infants i joves tinguin Oportunitats de Futur.  T\u2019animem a veure el <a href=\"http:\/\/imagenenaccion.org\/fundacion-comtal-encuentro-voluntarios\/\" target=\"_blank\" rel=\"noopener\"><strong>reportatge fotogr\u00e0fic de la jornada<\/strong><\/a> que va fer Imagen en Acci\u00f3n. <strong> <\/strong>  <strong>Gr\u00e0cies per acompanyar-nos-hi!<\/strong><\/p>\n","protected":false},"excerpt":{"rendered":"<p>Saps quantes nacionalitats conviuen al barri de Sant Pere, Santa Caterina i la Ribera? I com es distribueixen al territori?&#8230;Saps on estava situat el primer local que va tenir la [&hellip;]<\/p>\n","protected":false},"author":2,"featured_media":13254,"comment_status":"closed","ping_status":"closed","sticky":false,"template":"","format":"standard","meta":{"footnotes":""},"categories":[277],"tags":[],"class_list":["post-13253","post","type-post","status-publish","format-standard","has-post-thumbnail","hentry","category-testimonials"],"_links":{"self":[{"href":"https:\/\/comtal.org\/es\/wp-json\/wp\/v2\/posts\/13253","targetHints":{"allow":["GET"]}}],"collection":[{"href":"https:\/\/comtal.org\/es\/wp-json\/wp\/v2\/posts"}],"about":[{"href":"https:\/\/comtal.org\/es\/wp-json\/wp\/v2\/types\/post"}],"author":[{"embeddable":true,"href":"https:\/\/comtal.org\/es\/wp-json\/wp\/v2\/users\/2"}],"replies":[{"embeddable":true,"href":"https:\/\/comtal.org\/es\/wp-json\/wp\/v2\/comments?post=13253"}],"version-history":[{"count":1,"href":"https:\/\/comtal.org\/es\/wp-json\/wp\/v2\/posts\/13253\/revisions"}],"predecessor-version":[{"id":13415,"href":"https:\/\/comtal.org\/es\/wp-json\/wp\/v2\/posts\/13253\/revisions\/13415"}],"wp:featuredmedia":[{"embeddable":true,"href":"https:\/\/comtal.org\/es\/wp-json\/wp\/v2\/media\/13254"}],"wp:attachment":[{"href":"https:\/\/comtal.org\/es\/wp-json\/wp\/v2\/media?parent=13253"}],"wp:term":[{"taxonomy":"category","embeddable":true,"href":"https:\/\/comtal.org\/es\/wp-json\/wp\/v2\/categories?post=13253"},{"taxonomy":"post_tag","embeddable":true,"href":"https:\/\/comtal.org\/es\/wp-json\/wp\/v2\/tags?post=13253"}],"curies":[{"name":"wp","href":"https:\/\/api.w.org\/{rel}","templated":true}]}}