{"id":13250,"date":"2012-06-13T00:00:00","date_gmt":"2012-06-13T00:00:00","guid":{"rendered":"https:\/\/comtal.org\/marxem-de-ruta-pel-barri\/"},"modified":"2016-10-31T13:39:52","modified_gmt":"2016-10-31T13:39:52","slug":"marxem-de-ruta-pel-barri","status":"publish","type":"post","link":"https:\/\/comtal.org\/es\/marxem-de-ruta-pel-barri\/","title":{"rendered":"Marxem de ruta pel barri!"},"content":{"rendered":"<p><a href=\"https:\/\/comtal.org\/wp-content\/uploads\/explorador_ok.jpg\"><img loading=\"lazy\" decoding=\"async\" class=\"alignleft size-medium wp-image-721\" title=\"explorador_ok\" src=\"https:\/\/comtal.org\/wp-content\/uploads\/explorador_ok.jpg\" alt=\"\" width=\"239\" height=\"300\" \/><\/a>S\u2019acosta la fi del curs i volem compartir amb tots i totes vosaltres el que hem viscut al llarg d\u2019aquests mesos de feina.  Per aquest motiu, et convidem a venir el dimarts <strong>19 de juny<\/strong> a les <strong>18 hores<\/strong> a <strong>Sant Pere Mitj\u00e0 81<\/strong> i participar d\u2019una activitat ben divertida!  Organitzarem una <strong>ruta pel barri<\/strong>, on a partir de l\u2019experi\u00e8ncia de diverses persones de l\u2019entitat (usu\u00e0ries, volunt\u00e0ries, treballadores i membres del Patronat) coneixerem alguns dels racons m\u00e9s carism\u00e0tics del barri on realitzes el teu Voluntariat. Ser\u00e0 una experi\u00e8ncia on tots i totes juntes podrem fer mem\u00f2ria hist\u00f2rica del barri i de l\u2019entitat.  Finalment farem un <strong>pica-pica<\/strong> i t&#8217;entregarem un <strong>petit detallet<\/strong> perqu\u00e8 tinguis un record nostre (si no pots venir a la trobada, tamb\u00e9 pots passar a recollir-lo per la Fundaci\u00f3).  Si us plau confirma la teva assist\u00e8ncia enviant un e-mail a <strong><a href=\"mailto:voluntariat@comtal.org\">voluntariat@comtal.org<\/a><\/strong> o trucant al<strong> 93 319 52 76 (Mireia Ferr\u00e9).<\/strong>  <strong> T&#8217;animem a participar-hi!<\/strong>  <strong> <\/strong><\/p>\n","protected":false},"excerpt":{"rendered":"<p>S\u2019acosta la fi del curs i volem compartir amb tots i totes vosaltres el que hem viscut al llarg d\u2019aquests mesos de feina. Per aquest motiu, et convidem a venir [&hellip;]<\/p>\n","protected":false},"author":2,"featured_media":0,"comment_status":"closed","ping_status":"closed","sticky":false,"template":"","format":"standard","meta":{"footnotes":""},"categories":[277],"tags":[],"class_list":["post-13250","post","type-post","status-publish","format-standard","hentry","category-testimonials"],"_links":{"self":[{"href":"https:\/\/comtal.org\/es\/wp-json\/wp\/v2\/posts\/13250","targetHints":{"allow":["GET"]}}],"collection":[{"href":"https:\/\/comtal.org\/es\/wp-json\/wp\/v2\/posts"}],"about":[{"href":"https:\/\/comtal.org\/es\/wp-json\/wp\/v2\/types\/post"}],"author":[{"embeddable":true,"href":"https:\/\/comtal.org\/es\/wp-json\/wp\/v2\/users\/2"}],"replies":[{"embeddable":true,"href":"https:\/\/comtal.org\/es\/wp-json\/wp\/v2\/comments?post=13250"}],"version-history":[{"count":1,"href":"https:\/\/comtal.org\/es\/wp-json\/wp\/v2\/posts\/13250\/revisions"}],"predecessor-version":[{"id":13416,"href":"https:\/\/comtal.org\/es\/wp-json\/wp\/v2\/posts\/13250\/revisions\/13416"}],"wp:attachment":[{"href":"https:\/\/comtal.org\/es\/wp-json\/wp\/v2\/media?parent=13250"}],"wp:term":[{"taxonomy":"category","embeddable":true,"href":"https:\/\/comtal.org\/es\/wp-json\/wp\/v2\/categories?post=13250"},{"taxonomy":"post_tag","embeddable":true,"href":"https:\/\/comtal.org\/es\/wp-json\/wp\/v2\/tags?post=13250"}],"curies":[{"name":"wp","href":"https:\/\/api.w.org\/{rel}","templated":true}]}}