{"id":13247,"date":"2012-04-27T00:00:00","date_gmt":"2012-04-27T00:00:00","guid":{"rendered":"https:\/\/comtal.org\/el-nostre-voluntariat-en-antena\/"},"modified":"2016-10-31T13:39:53","modified_gmt":"2016-10-31T13:39:53","slug":"el-nostre-voluntariat-en-antena","status":"publish","type":"post","link":"https:\/\/comtal.org\/es\/el-nostre-voluntariat-en-antena\/","title":{"rendered":"El nostre Voluntariat en antena!"},"content":{"rendered":"<p><span style=\"font-family: Arial; color: black; font-size: small;\"><a href=\"https:\/\/comtal.org\/wp-content\/uploads\/nit1.jpg\"><img loading=\"lazy\" decoding=\"async\" class=\"alignleft size-full wp-image-716\" title=\"nit\" src=\"https:\/\/comtal.org\/wp-content\/uploads\/nit1.jpg\" alt=\"\" width=\"299\" height=\"193\" \/><\/a>La <strong>Roser  Mart\u00ed<\/strong><\/span><span style=\"font-family: Arial;\">, volunt\u00e0ria del Centre Obert, ha explicat a <strong><a title=\"blocked::http:\/\/www.catradio.cat\/programa\/1276\" href=\"http:\/\/www.catradio.cat\/programa\/1276\" target=\"_blank\" rel=\"noopener\"><span style=\"color: black;\">La Nit  dels Ignorants<\/span><\/a> de Catalunya R\u00e0dio<\/strong> la import\u00e0ncia de  la feina que realitzem des de la Fundaci\u00f3 Comtal vers els  col\u00b7lectius mes vulnerables, i la gran tasca que fan els nostres voluntaris i  volunt\u00e0ries. <\/span>  <span style=\"font-family: Arial;\">Podeu trobar el seu testimoni <strong><a title=\"blocked::http:\/\/www.catradio.cat\/audio\/630413\/La-nit-dels-ignorants-20-1a-hora\" href=\"http:\/\/www.catradio.cat\/audio\/630413\/La-nit-dels-ignorants-20-1a-hora\" target=\"_blank\" rel=\"noopener\"><span style=\"color: black;\">aqu\u00ed<\/span><\/a>. <\/strong>Val la pena escoltar-la! <\/span>  <span style=\"font-family: Arial;\"><strong>Moltes gr\u00e0cies Roser! <\/strong> <\/span><\/p>\n","protected":false},"excerpt":{"rendered":"<p>La Roser Mart\u00ed, volunt\u00e0ria del Centre Obert, ha explicat a La Nit dels Ignorants de Catalunya R\u00e0dio la import\u00e0ncia de la feina que realitzem des de la Fundaci\u00f3 Comtal vers [&hellip;]<\/p>\n","protected":false},"author":2,"featured_media":0,"comment_status":"closed","ping_status":"closed","sticky":false,"template":"","format":"standard","meta":{"footnotes":""},"categories":[277],"tags":[],"class_list":["post-13247","post","type-post","status-publish","format-standard","hentry","category-testimonials"],"_links":{"self":[{"href":"https:\/\/comtal.org\/es\/wp-json\/wp\/v2\/posts\/13247","targetHints":{"allow":["GET"]}}],"collection":[{"href":"https:\/\/comtal.org\/es\/wp-json\/wp\/v2\/posts"}],"about":[{"href":"https:\/\/comtal.org\/es\/wp-json\/wp\/v2\/types\/post"}],"author":[{"embeddable":true,"href":"https:\/\/comtal.org\/es\/wp-json\/wp\/v2\/users\/2"}],"replies":[{"embeddable":true,"href":"https:\/\/comtal.org\/es\/wp-json\/wp\/v2\/comments?post=13247"}],"version-history":[{"count":1,"href":"https:\/\/comtal.org\/es\/wp-json\/wp\/v2\/posts\/13247\/revisions"}],"predecessor-version":[{"id":13417,"href":"https:\/\/comtal.org\/es\/wp-json\/wp\/v2\/posts\/13247\/revisions\/13417"}],"wp:attachment":[{"href":"https:\/\/comtal.org\/es\/wp-json\/wp\/v2\/media?parent=13247"}],"wp:term":[{"taxonomy":"category","embeddable":true,"href":"https:\/\/comtal.org\/es\/wp-json\/wp\/v2\/categories?post=13247"},{"taxonomy":"post_tag","embeddable":true,"href":"https:\/\/comtal.org\/es\/wp-json\/wp\/v2\/tags?post=13247"}],"curies":[{"name":"wp","href":"https:\/\/api.w.org\/{rel}","templated":true}]}}