{"id":13243,"date":"2012-04-18T00:00:00","date_gmt":"2012-04-18T00:00:00","guid":{"rendered":"https:\/\/comtal.org\/per-sant-jordi-ens-ajudes-a-regalar-somriures\/"},"modified":"2016-10-31T13:39:53","modified_gmt":"2016-10-31T13:39:53","slug":"per-sant-jordi-ens-ajudes-a-regalar-somriures","status":"publish","type":"post","link":"https:\/\/comtal.org\/es\/per-sant-jordi-ens-ajudes-a-regalar-somriures\/","title":{"rendered":"Per Sant Jordi&#8230;Ens ajudes a regalar somriures?"},"content":{"rendered":"<p><a href=\"https:\/\/comtal.org\/wp-content\/uploads\/santjordi_web.jpg\"><img loading=\"lazy\" decoding=\"async\" class=\"alignleft size-full wp-image-709\" title=\"santjordi_web\" src=\"https:\/\/comtal.org\/wp-content\/uploads\/santjordi_web.jpg\" alt=\"\" width=\"175\" height=\"131\" \/><\/a>La  Fundaci\u00f3 Comtal participar\u00e0 activament de la <strong>Diada de Sant Jordi<\/strong> posant <strong>dues paradetes de roses<\/strong> als indrets m\u00e9s emblem\u00e0tics de la nostra ciutat:  &#8211; La primera la trobareu al costat del <strong>Mercat de Santa Caterina<\/strong>. Els i les nostres joves es faran c\u00e0rrec de la parada, fent difusi\u00f3 de la nostra feina i oferint els i les passejants roses solid\u00e0ries.  -La segona estar\u00e0 al costat de l\u2019<strong>Hotel Condes de Barcelona (Passeig de Gr\u00e0cia, 73)<\/strong> . L\u2019hotel ens cedeix una ubicaci\u00f3 excepcional i les roses m\u00e9s boniques&#8230;Nosaltres posarem les nostres mans i les millors energies perqu\u00e8 la jornada sigui tot un \u00e8xit.  Com pots ajudar-nos a fer-ho possible?  &#8211;<strong> Apropant-te als nostres estands i comprant roses solid\u00e0ries. <\/strong>  &#8211; <strong>Col\u00b7laborant com a voluntari\/a a la paradeta de \u00abvenda de roses\u00bb <\/strong>que tindrem al Passeig de Gr\u00e0cia. Farem diferents torns al llarg del dia. Si pots col\u00b7laborar envia un e-mail a comunicacio@comtal.org o truca al 93 295 46 36 (Laura Herrero) indicant en quin moment t\u2019aniria millor venir-hi.  <strong>Amb el teu ajut, per Sant Jordi&#8230;regalarem somriures! <\/strong><\/p>\n","protected":false},"excerpt":{"rendered":"<p>La Fundaci\u00f3 Comtal participar\u00e0 activament de la Diada de Sant Jordi posant dues paradetes de roses als indrets m\u00e9s emblem\u00e0tics de la nostra ciutat: &#8211; La primera la trobareu al [&hellip;]<\/p>\n","protected":false},"author":2,"featured_media":0,"comment_status":"closed","ping_status":"closed","sticky":false,"template":"","format":"standard","meta":{"footnotes":""},"categories":[277],"tags":[],"class_list":["post-13243","post","type-post","status-publish","format-standard","hentry","category-testimonials"],"_links":{"self":[{"href":"https:\/\/comtal.org\/es\/wp-json\/wp\/v2\/posts\/13243","targetHints":{"allow":["GET"]}}],"collection":[{"href":"https:\/\/comtal.org\/es\/wp-json\/wp\/v2\/posts"}],"about":[{"href":"https:\/\/comtal.org\/es\/wp-json\/wp\/v2\/types\/post"}],"author":[{"embeddable":true,"href":"https:\/\/comtal.org\/es\/wp-json\/wp\/v2\/users\/2"}],"replies":[{"embeddable":true,"href":"https:\/\/comtal.org\/es\/wp-json\/wp\/v2\/comments?post=13243"}],"version-history":[{"count":1,"href":"https:\/\/comtal.org\/es\/wp-json\/wp\/v2\/posts\/13243\/revisions"}],"predecessor-version":[{"id":13419,"href":"https:\/\/comtal.org\/es\/wp-json\/wp\/v2\/posts\/13243\/revisions\/13419"}],"wp:attachment":[{"href":"https:\/\/comtal.org\/es\/wp-json\/wp\/v2\/media?parent=13243"}],"wp:term":[{"taxonomy":"category","embeddable":true,"href":"https:\/\/comtal.org\/es\/wp-json\/wp\/v2\/categories?post=13243"},{"taxonomy":"post_tag","embeddable":true,"href":"https:\/\/comtal.org\/es\/wp-json\/wp\/v2\/tags?post=13243"}],"curies":[{"name":"wp","href":"https:\/\/api.w.org\/{rel}","templated":true}]}}