{"id":13241,"date":"2012-04-12T00:00:00","date_gmt":"2012-04-12T00:00:00","guid":{"rendered":"https:\/\/comtal.org\/vine-a-la-trobada-de-la-primavera\/"},"modified":"2016-10-31T13:39:53","modified_gmt":"2016-10-31T13:39:53","slug":"vine-a-la-trobada-de-la-primavera","status":"publish","type":"post","link":"https:\/\/comtal.org\/es\/vine-a-la-trobada-de-la-primavera\/","title":{"rendered":"Vine a la trobada de la primavera!"},"content":{"rendered":"<p><a href=\"https:\/\/comtal.org\/wp-content\/uploads\/flor.jpg\"><img loading=\"lazy\" decoding=\"async\" class=\"alignleft size-medium wp-image-704\" title=\"flor\" src=\"https:\/\/comtal.org\/wp-content\/uploads\/flor.jpg\" alt=\"\" width=\"300\" height=\"222\" \/><\/a>Diuen que amb la primavera arriba l\u2019ast\u00e8nia primaveral, que costa m\u00e9s fer les coses, que manquen les energies&#8230;per\u00f2, aqu\u00ed, a la Fundaci\u00f3 no notem pas l\u2019arribada d\u2019aquesta s\u00edndrome.  Vosaltres, els nostres voluntaris i volunt\u00e0ries, esteu m\u00e9s al peu de can\u00f3 que mai, acompanyant-nos di\u00e0riament, fent possible la nostra tasca di\u00e0ria vers els col\u00b7lectius m\u00e9s vulnerables i posant-vos reptes cada cop m\u00e9s llunyans.  Per aquest motiu, per tal de continuar creixent plegats\/des, volem oferir-vos una<strong> formaci\u00f3 que pugui resultar-vos \u00fatil per a la tasca que compartiu amb nosaltres i tamb\u00e9 per al vostre dia a dia. <\/strong>  Parlarem, debatrem&#8230;i posarem sobre la taula les nostres viv\u00e8ncies en companyia d\u2019altres persones que, com tu, fan que la nostra feina sigui una realitat.  <strong> Apunta-t\u2019ho a l\u2019agenda!<\/strong>  <strong>Dia:<\/strong> dijous 19 d&#8217;abril  <strong>Hora:<\/strong>19 hores  <strong>Lloc:<\/strong> Sant Pere Mitj\u00e0, 81. Barcelona.  Pots confirmar assist\u00e8ncia entrant en <a href=\" http:\/\/www.doodle.com\/n4hhcpbmhqasga2s\">aquest link<\/a> i posant el teu nom.  <strong>Moltes gr\u00e0cies i fins aviat!<\/strong><\/p>\n","protected":false},"excerpt":{"rendered":"<p>Diuen que amb la primavera arriba l\u2019ast\u00e8nia primaveral, que costa m\u00e9s fer les coses, que manquen les energies&#8230;per\u00f2, aqu\u00ed, a la Fundaci\u00f3 no notem pas l\u2019arribada d\u2019aquesta s\u00edndrome. Vosaltres, els [&hellip;]<\/p>\n","protected":false},"author":2,"featured_media":0,"comment_status":"closed","ping_status":"closed","sticky":false,"template":"","format":"standard","meta":{"footnotes":""},"categories":[277],"tags":[],"class_list":["post-13241","post","type-post","status-publish","format-standard","hentry","category-testimonials"],"_links":{"self":[{"href":"https:\/\/comtal.org\/es\/wp-json\/wp\/v2\/posts\/13241","targetHints":{"allow":["GET"]}}],"collection":[{"href":"https:\/\/comtal.org\/es\/wp-json\/wp\/v2\/posts"}],"about":[{"href":"https:\/\/comtal.org\/es\/wp-json\/wp\/v2\/types\/post"}],"author":[{"embeddable":true,"href":"https:\/\/comtal.org\/es\/wp-json\/wp\/v2\/users\/2"}],"replies":[{"embeddable":true,"href":"https:\/\/comtal.org\/es\/wp-json\/wp\/v2\/comments?post=13241"}],"version-history":[{"count":1,"href":"https:\/\/comtal.org\/es\/wp-json\/wp\/v2\/posts\/13241\/revisions"}],"predecessor-version":[{"id":13420,"href":"https:\/\/comtal.org\/es\/wp-json\/wp\/v2\/posts\/13241\/revisions\/13420"}],"wp:attachment":[{"href":"https:\/\/comtal.org\/es\/wp-json\/wp\/v2\/media?parent=13241"}],"wp:term":[{"taxonomy":"category","embeddable":true,"href":"https:\/\/comtal.org\/es\/wp-json\/wp\/v2\/categories?post=13241"},{"taxonomy":"post_tag","embeddable":true,"href":"https:\/\/comtal.org\/es\/wp-json\/wp\/v2\/tags?post=13241"}],"curies":[{"name":"wp","href":"https:\/\/api.w.org\/{rel}","templated":true}]}}