{"id":13239,"date":"2012-04-03T00:00:00","date_gmt":"2012-04-03T00:00:00","guid":{"rendered":"https:\/\/comtal.org\/a-joves-com-jo-els-dic-que-estudiin-treballin-molt-i-amb-responsabilitat\/"},"modified":"2016-10-31T13:39:53","modified_gmt":"2016-10-31T13:39:53","slug":"a-joves-com-jo-els-dic-que-estudiin-treballin-molt-i-amb-responsabilitat","status":"publish","type":"post","link":"https:\/\/comtal.org\/es\/a-joves-com-jo-els-dic-que-estudiin-treballin-molt-i-amb-responsabilitat\/","title":{"rendered":"\u201cA joves com jo els dic que estudi\u00efn, treballin molt i amb responsabilitat\u201d"},"content":{"rendered":"<p><a href=\"https:\/\/comtal.org\/wp-content\/uploads\/37.jpg\"><img loading=\"lazy\" decoding=\"async\" class=\"alignleft size-medium wp-image-698\" title=\"37\" src=\"https:\/\/comtal.org\/wp-content\/uploads\/37.jpg\" alt=\"\" width=\"200\" height=\"300\" \/><\/a>Amb la il\u00b7lusi\u00f3 d\u2019aprendre, el <strong>Mohamed<\/strong> assisteix cada mat\u00ed a <a href=\"http:\/\/www.lepantresidencial.com\/\" target=\"_blank\" rel=\"noopener\">Lepant Residencial<\/a>, un centre d\u2019atenci\u00f3 a la gent gran on treballa com a ajudant de cuina. Despr\u00e9s del seu pas pels tallers pre-laborals de la <a href=\"www.comtal.org\">Fundaci\u00f3 Comtal<\/a>, \u00a0vam fer d\u2019intermediaris perqu\u00e8 el <strong>Mohamed<\/strong> realitz\u00e9s unes pr\u00e0ctiques en el centre i finalment va aconseguir aquesta feina.  El <strong>Mohamed<\/strong> va cursar<strong> tallers de fusteria, pintura i cuina en el <\/strong><strong><a href=\"..\/..\/index.php?lan=1&amp;&amp;posicion=11&amp;&amp;pos_grup=2&amp;&amp;pos_sub=2&amp;&amp;pos_bot=3\"><strong>Construeix-te<\/strong><\/a><\/strong>, un projecte que vol respondre a les necessitats formatives dels joves en risc social i ajudar-los a tenir m\u00e9s oportunitats de futur. Durant tres mesos no nom\u00e9s va aprendre un ofici \u00fatil tamb\u00e9 va comprendre el valor del treball en equip i la import\u00e0ncia de comprometre\u2019s amb els projectes socials de la seva comunitat.  Amb 19 anys el <strong>Mohamed<\/strong> vol guanyar m\u00e9s autonomia i independ\u00e8ncia, i sap qu\u00e8 aix\u00f2 \u00e9s possible. Valora positivament l\u2019orientaci\u00f3 dels educadors i educadores del centre d\u2019acolliment on viu, i de la Fundaci\u00f3 Comtal, on ha participat d\u2019un <strong>itinerari personalitzat per millorar les seves aptituds personals i professionals per incorporar-se al m\u00f3n laboral<\/strong>. \u201cPer a mi ha estat molt important l\u2019acompanyament de la <strong>Mar\u00eda<\/strong> i la <strong>Cristina<\/strong>\u201d, educadores que dia a dia<strong> treballen pel desenvolupament de compet\u00e8ncies de joves com el Mohamed, i que amplien les seves possibilitats a mig i llarg termini.<\/strong>  Amb la mirada posada en el futur, el <strong>Mohamed<\/strong> supera les seves defici\u00e8ncies en els estudis amb <strong>m\u00e9s formaci\u00f3 i implicaci\u00f3<\/strong>, <strong>i buscant experi\u00e8ncia<\/strong> en all\u00f2 que m\u00e9s l\u2019agrada. \u201cCom a ajudant de cuina faig les amanides i aprenc del cap de cuina. Prefereixo la cuina perqu\u00e8 m\u2019agrada aprendre cada dia. M\u2019agrada fer els plats, especialment, la paella. Penso que si a alg\u00fa li agrada alguna cosa ha de formar-se per aconseguir treballar en aix\u00f2\u201d.  Despr\u00e9s de tres anys a Barcelona, el Mohamed t\u00e9 clar que <strong>queda cam\u00ed per rec\u00f3rrer en el seu desenvolupament personal i professional<\/strong>. Sap que el que ha apr\u00e8s en els tallers pre-laborals donar\u00e0 m\u00e9s fruits. Confia a aconseguir un treball de llarga durada al m\u00f3n de la cuina, malgrat la crisi. Ara per ara, <strong>mant\u00e9 una estreta relaci\u00f3 amb la Fundaci\u00f3 Comtal<\/strong>. Compta amb suport, amistats i comparteix el valor de l<strong>\u2019educaci\u00f3 com a clau de futur<\/strong>: \u201cA joves com jo els dic que estudi\u00efn, treballin molt i amb responsabilitat\u201d.  Article escrit per l&#8217;<strong>Evelin Chacon<\/strong>, volunt\u00e0ria del departament de Comunicaci\u00f3 i Captaci\u00f3.<\/p>\n","protected":false},"excerpt":{"rendered":"<p>Amb la il\u00b7lusi\u00f3 d\u2019aprendre, el Mohamed assisteix cada mat\u00ed a Lepant Residencial, un centre d\u2019atenci\u00f3 a la gent gran on treballa com a ajudant de cuina. Despr\u00e9s del seu pas [&hellip;]<\/p>\n","protected":false},"author":2,"featured_media":13240,"comment_status":"closed","ping_status":"closed","sticky":false,"template":"","format":"standard","meta":{"footnotes":""},"categories":[277],"tags":[],"class_list":["post-13239","post","type-post","status-publish","format-standard","has-post-thumbnail","hentry","category-testimonials"],"_links":{"self":[{"href":"https:\/\/comtal.org\/es\/wp-json\/wp\/v2\/posts\/13239","targetHints":{"allow":["GET"]}}],"collection":[{"href":"https:\/\/comtal.org\/es\/wp-json\/wp\/v2\/posts"}],"about":[{"href":"https:\/\/comtal.org\/es\/wp-json\/wp\/v2\/types\/post"}],"author":[{"embeddable":true,"href":"https:\/\/comtal.org\/es\/wp-json\/wp\/v2\/users\/2"}],"replies":[{"embeddable":true,"href":"https:\/\/comtal.org\/es\/wp-json\/wp\/v2\/comments?post=13239"}],"version-history":[{"count":1,"href":"https:\/\/comtal.org\/es\/wp-json\/wp\/v2\/posts\/13239\/revisions"}],"predecessor-version":[{"id":13421,"href":"https:\/\/comtal.org\/es\/wp-json\/wp\/v2\/posts\/13239\/revisions\/13421"}],"wp:featuredmedia":[{"embeddable":true,"href":"https:\/\/comtal.org\/es\/wp-json\/wp\/v2\/media\/13240"}],"wp:attachment":[{"href":"https:\/\/comtal.org\/es\/wp-json\/wp\/v2\/media?parent=13239"}],"wp:term":[{"taxonomy":"category","embeddable":true,"href":"https:\/\/comtal.org\/es\/wp-json\/wp\/v2\/categories?post=13239"},{"taxonomy":"post_tag","embeddable":true,"href":"https:\/\/comtal.org\/es\/wp-json\/wp\/v2\/tags?post=13239"}],"curies":[{"name":"wp","href":"https:\/\/api.w.org\/{rel}","templated":true}]}}