{"id":13236,"date":"2012-04-02T00:00:00","date_gmt":"2012-04-02T00:00:00","guid":{"rendered":"https:\/\/comtal.org\/vols-col%c2%b7laborar-amb-la-marato-per-la-pobresa\/"},"modified":"2016-10-31T13:39:53","modified_gmt":"2016-10-31T13:39:53","slug":"vols-col%c2%b7laborar-amb-la-marato-per-la-pobresa","status":"publish","type":"post","link":"https:\/\/comtal.org\/es\/vols-col%c2%b7laborar-amb-la-marato-per-la-pobresa\/","title":{"rendered":"Vols col\u00b7laborar amb la Marat\u00f3 per la pobresa?"},"content":{"rendered":"<p><a href=\"https:\/\/comtal.org\/wp-content\/uploads\/logooficial_1109351.jpg\"><img loading=\"lazy\" decoding=\"async\" class=\"alignleft size-medium wp-image-695\" title=\"logooficial_110935\" src=\"https:\/\/comtal.org\/wp-content\/uploads\/logooficial_1109351.jpg\" alt=\"\" width=\"300\" height=\"103\" \/><\/a>Volunt\u00e0ries, voluntaris,  La  Fundaci\u00f3 La Marat\u00f3 de TV3 organitza el dia <strong>27 de maig <\/strong>una <a href=\"http:\/\/blogs.tv3.cat\/marato-pobresa\" target=\"_blank\" rel=\"noopener\"><strong>Marat\u00f3 per la pobresa<\/strong><\/a>, una inciativa que d\u00f3na l&#8217;oportunitat a entitats socials com la nostra, que treballem en l\u2019\u00e0mbit de la pobresa i l\u2019exclusi\u00f3 social, de <strong>donar visibilitat a la nostra feina i optar a ser beneficiaris dels fons que s\u2019aconsegueixin amb la Marat\u00f3.<\/strong>  Com pots col\u00b7laborar tu? <\/p>\n<ul>\n<li>Fent <strong>propostes d\u2019activitats<\/strong> per visibilitzar la nostra tasca. Pots enviar-nos les teves idees a voluntariat@comtal.org<\/li>\n<li>Fes de<strong> voluntari\/a<\/strong> el dia de la Marat\u00f3: Atendr\u00e0s les trucades de les persones que vulguin fer el seu donatiu. Pots inscriure-t\u2019hi en aquest <a href=\"http:\/\/maratopobresa.voluntariat.org\/\" target=\"_blank\" rel=\"noopener\">link<\/a> fins al <strong>19 d\u2019abril<\/strong>. Les places s\u00f3n limitades i es cobriran per ordre d\u2019inscripci\u00f3.<\/li>\n<\/ul>\n<p> Per a qualsevol pregunta no dubtis a posar-te en contacte amb nosaltres a <strong>voluntariat@comtal.org<\/strong> o al tel\u00e8fon <strong>93 319 52 76.<\/strong>  <strong>Moltes gr\u00e0cies!<\/strong>  Per a m\u00e9s informaci\u00f3 entra <a href=\"https:\/\/comtal.org\/index.php?lan=1&amp;&amp;posicion=2&amp;&amp;pos_grup=1&amp;&amp;pos_sub=1&amp;&amp;pos_bot=0&amp;&amp;id_new=372\">aqu\u00ed<\/a>.<\/p>\n","protected":false},"excerpt":{"rendered":"<p>Volunt\u00e0ries, voluntaris, La Fundaci\u00f3 La Marat\u00f3 de TV3 organitza el dia 27 de maig una Marat\u00f3 per la pobresa, una inciativa que d\u00f3na l&#8217;oportunitat a entitats socials com la nostra, [&hellip;]<\/p>\n","protected":false},"author":2,"featured_media":0,"comment_status":"closed","ping_status":"closed","sticky":false,"template":"","format":"standard","meta":{"footnotes":""},"categories":[277],"tags":[],"class_list":["post-13236","post","type-post","status-publish","format-standard","hentry","category-testimonials"],"_links":{"self":[{"href":"https:\/\/comtal.org\/es\/wp-json\/wp\/v2\/posts\/13236","targetHints":{"allow":["GET"]}}],"collection":[{"href":"https:\/\/comtal.org\/es\/wp-json\/wp\/v2\/posts"}],"about":[{"href":"https:\/\/comtal.org\/es\/wp-json\/wp\/v2\/types\/post"}],"author":[{"embeddable":true,"href":"https:\/\/comtal.org\/es\/wp-json\/wp\/v2\/users\/2"}],"replies":[{"embeddable":true,"href":"https:\/\/comtal.org\/es\/wp-json\/wp\/v2\/comments?post=13236"}],"version-history":[{"count":1,"href":"https:\/\/comtal.org\/es\/wp-json\/wp\/v2\/posts\/13236\/revisions"}],"predecessor-version":[{"id":13422,"href":"https:\/\/comtal.org\/es\/wp-json\/wp\/v2\/posts\/13236\/revisions\/13422"}],"wp:attachment":[{"href":"https:\/\/comtal.org\/es\/wp-json\/wp\/v2\/media?parent=13236"}],"wp:term":[{"taxonomy":"category","embeddable":true,"href":"https:\/\/comtal.org\/es\/wp-json\/wp\/v2\/categories?post=13236"},{"taxonomy":"post_tag","embeddable":true,"href":"https:\/\/comtal.org\/es\/wp-json\/wp\/v2\/tags?post=13236"}],"curies":[{"name":"wp","href":"https:\/\/api.w.org\/{rel}","templated":true}]}}