{"id":13233,"date":"2012-03-05T00:00:00","date_gmt":"2012-03-05T00:00:00","guid":{"rendered":"https:\/\/comtal.org\/vine-i-dona-uncopdema\/"},"modified":"2016-10-31T13:39:53","modified_gmt":"2016-10-31T13:39:53","slug":"vine-i-dona-uncopdema","status":"publish","type":"post","link":"https:\/\/comtal.org\/es\/vine-i-dona-uncopdema\/","title":{"rendered":"Vine i d\u00f3na Uncopdem\u00e0!"},"content":{"rendered":"<p><strong><a href=\"https:\/\/comtal.org\/wp-content\/uploads\/guardiola.jpg\"><img loading=\"lazy\" decoding=\"async\" class=\"alignleft size-medium wp-image-686\" title=\"guardiola\" src=\"https:\/\/comtal.org\/wp-content\/uploads\/guardiola.jpg\" alt=\"\" width=\"300\" height=\"293\" \/><\/a>Volunt\u00e0ries, voluntaris! <\/strong>  El proper diumenge<strong> 18 de mar\u00e7<\/strong> del 2012 se celebrar\u00e0 la <strong>III Edici\u00f3 de la Festa Uncopdem\u00e0, pels nens i nenes del m\u00f3n<\/strong>, una iniciativa que vol <strong>sensibilitzar<\/strong> i donar a con\u00e8ixer a les fam\u00edlies de Barcelona que existeix una altra realitat social que afecta a milions d\u2019infants, aqu\u00ed i arreu del m\u00f3n.  Enguany <strong>la Fundaci\u00f3 Comtal t\u00e9 l\u2019oportunitat de participar en aquesta trobada<\/strong> al Parc del Tibidabo, juntament amb les entitats Save the Children, Fundaci\u00f3n Peque\u00f1o Deseo, Fundaci\u00f3 Catalana S\u00edndrome de Down i Fundaci\u00f3n Alda. En aquesta edici\u00f3, avalada un any m\u00e9s per la  Fundaci\u00f3 Real Dreams i el parc d\u2019atraccions, comptarem amb un padr\u00ed d\u2019excepci\u00f3: el<strong> Josep Guardiola<\/strong>, entrenador del F.C. Barcelona, ens donar\u00e0 un cop de m\u00e0!  All\u00e0 realitzarem un <strong>taller infantil de xapes solid\u00e0ries<\/strong> per donar a con\u00e8ixer als infants i fam\u00edlies que hi passegin alguns dels valors de l\u2019interculturalitat i la conviv\u00e8ncia. Tamb\u00e9 <strong>vendrem Guants Solidaris,<\/strong> la recaptaci\u00f3 dels quals anir\u00e0 destinada a continuar treballant per donar oportunitats de futur als m\u00e9s petits.  <strong> Ens dones un cop de m\u00e0?<\/strong>  Si tens ganes de col\u00b7laborar et donem la seg\u00fcent informaci\u00f3: <\/p>\n<ul>\n<li>L\u2019horari del Voluntariat \u00e9s <strong>de 10 a 15 hores<\/strong>. Punt de trobada: <strong>Pla\u00e7a<\/strong><strong> del Tibidabo<\/strong>.<\/li>\n<li>Tindr\u00e0s\u00a0 <strong>esmorzar, dinar i begudes<\/strong> a la seva disposici\u00f3.<\/li>\n<li>Tindr\u00e0s una <strong>entrada gratu\u00efta<\/strong> al parc d\u2019atraccions i una samarreta Uncopdem\u00e0.<\/li>\n<li>El dia <strong>16 de mar\u00e7<\/strong> farem una <strong>formaci\u00f3<\/strong> a la seu de la Fundaci\u00f3n Real Dreams. Hi haur\u00e0 dos torns de formaci\u00f3, un a les 10 del mat\u00ed i l\u2019altre a les 14 hores. (<span style=\"text-decoration: underline;\">Ens demanen que les persones volunt\u00e0ries que participin de la iniciativa vinguin a la formaci\u00f3<\/span>).<\/li>\n<li>Si vols col\u00b7laborar en aquesta activitat escriu un e-mail a<strong> comunicacio@comtal.org<\/strong> o truca al<strong> 93 295 46 36<\/strong><\/li>\n<\/ul>\n<p> <strong> Moltes gr\u00e0cies!<\/strong>  <strong> Anima\u2019t a donar Uncopdem\u00e0!<\/strong><\/p>\n","protected":false},"excerpt":{"rendered":"<p>Volunt\u00e0ries, voluntaris! El proper diumenge 18 de mar\u00e7 del 2012 se celebrar\u00e0 la III Edici\u00f3 de la Festa Uncopdem\u00e0, pels nens i nenes del m\u00f3n, una iniciativa que vol sensibilitzar [&hellip;]<\/p>\n","protected":false},"author":2,"featured_media":0,"comment_status":"closed","ping_status":"closed","sticky":false,"template":"","format":"standard","meta":{"footnotes":""},"categories":[277],"tags":[],"class_list":["post-13233","post","type-post","status-publish","format-standard","hentry","category-testimonials"],"_links":{"self":[{"href":"https:\/\/comtal.org\/es\/wp-json\/wp\/v2\/posts\/13233","targetHints":{"allow":["GET"]}}],"collection":[{"href":"https:\/\/comtal.org\/es\/wp-json\/wp\/v2\/posts"}],"about":[{"href":"https:\/\/comtal.org\/es\/wp-json\/wp\/v2\/types\/post"}],"author":[{"embeddable":true,"href":"https:\/\/comtal.org\/es\/wp-json\/wp\/v2\/users\/2"}],"replies":[{"embeddable":true,"href":"https:\/\/comtal.org\/es\/wp-json\/wp\/v2\/comments?post=13233"}],"version-history":[{"count":1,"href":"https:\/\/comtal.org\/es\/wp-json\/wp\/v2\/posts\/13233\/revisions"}],"predecessor-version":[{"id":13424,"href":"https:\/\/comtal.org\/es\/wp-json\/wp\/v2\/posts\/13233\/revisions\/13424"}],"wp:attachment":[{"href":"https:\/\/comtal.org\/es\/wp-json\/wp\/v2\/media?parent=13233"}],"wp:term":[{"taxonomy":"category","embeddable":true,"href":"https:\/\/comtal.org\/es\/wp-json\/wp\/v2\/categories?post=13233"},{"taxonomy":"post_tag","embeddable":true,"href":"https:\/\/comtal.org\/es\/wp-json\/wp\/v2\/tags?post=13233"}],"curies":[{"name":"wp","href":"https:\/\/api.w.org\/{rel}","templated":true}]}}