{"id":13230,"date":"2012-02-28T00:00:00","date_gmt":"2012-02-28T00:00:00","guid":{"rendered":"https:\/\/comtal.org\/participa-al-3r-concurs-de-relats-de-voluntariat-social\/"},"modified":"2016-10-31T13:39:53","modified_gmt":"2016-10-31T13:39:53","slug":"participa-al-3r-concurs-de-relats-de-voluntariat-social","status":"publish","type":"post","link":"https:\/\/comtal.org\/es\/participa-al-3r-concurs-de-relats-de-voluntariat-social\/","title":{"rendered":"Participa al 3r Concurs de Relats de Voluntariat Social"},"content":{"rendered":"<p><a href=\"https:\/\/comtal.org\/wp-content\/uploads\/LOGOOK.jpg\"><img loading=\"lazy\" decoding=\"async\" class=\"alignleft size-full wp-image-673\" title=\"LOGOOK\" src=\"https:\/\/comtal.org\/wp-content\/uploads\/LOGOOK.jpg\" alt=\"\" width=\"300\" height=\"225\" \/><\/a>T\u2019animem a participar al <strong>3r Concurs de Relats de Voluntariat Social de la <a href=\"http:\/\/www.voluntaris.cat\/\" target=\"_blank\" rel=\"noopener\">FCVS<\/a><\/strong>, una iniciativa que <strong>vol donar veu a tots aquells voluntaris i volunt\u00e0ries que cada dia dediquen part del seu temps als altres<\/strong>. Es tracta d\u2019una convocat\u00f2ria oberta a qualsevol persona que vulgui explicar i compartir la seva experi\u00e8ncia com a voluntari o volunt\u00e0ria social.  <strong> Requisits dels relats<\/strong> <\/p>\n<ul>\n<li>La tem\u00e0tica dels relats haur\u00e0 de ser el <strong>voluntariat social<\/strong>.<\/li>\n<li>Cada autor\/a podr\u00e0 presentar <strong>nom\u00e9s un relat<\/strong>.<\/li>\n<li>Els relats han de tenir <strong>t\u00edtol <\/strong>i s\u2019han de lliurar en un document de word (<strong>Lletra Arial 12<\/strong>)<\/li>\n<li>L\u2019extensi\u00f3 m\u00e0xima dels relats \u00e9s de <strong>2.000 car\u00e0cters<\/strong> (26 l\u00ednies), sense tenir en compte el t\u00edtol.<\/li>\n<li>Els relats s&#8217;han d&#8217;enviar abans del <strong>15 de mar\u00e7<\/strong> de 2012 a <strong>voluntariat@comtal.org <\/strong><\/li>\n<\/ul>\n<p> El lliurament dels premis es realitzar\u00e0 el dia <strong>8 de maig<\/strong>. Els jurat estar\u00e0 format per persones coneixedores del m\u00f3n literari i del m\u00f3n del voluntariat.  La FCVS publicar\u00e0 una selecci\u00f3 dels millors relats <strong>al bloc Val la pena! <\/strong>durant l\u2019any seg\u00fcent a l\u2019entrega de premis fins arribar a la convocat\u00f2ria de la propera edici\u00f3 del concurs.  <strong>RECORDA: La data l\u00edmit per enviar els relats a voluntariat@comtal.org \u00e9s el dia 15 de mar\u00e7. <\/strong><\/p>\n","protected":false},"excerpt":{"rendered":"<p>T\u2019animem a participar al 3r Concurs de Relats de Voluntariat Social de la FCVS, una iniciativa que vol donar veu a tots aquells voluntaris i volunt\u00e0ries que cada dia dediquen [&hellip;]<\/p>\n","protected":false},"author":2,"featured_media":0,"comment_status":"closed","ping_status":"closed","sticky":false,"template":"","format":"standard","meta":{"footnotes":""},"categories":[277],"tags":[],"class_list":["post-13230","post","type-post","status-publish","format-standard","hentry","category-testimonials"],"_links":{"self":[{"href":"https:\/\/comtal.org\/es\/wp-json\/wp\/v2\/posts\/13230","targetHints":{"allow":["GET"]}}],"collection":[{"href":"https:\/\/comtal.org\/es\/wp-json\/wp\/v2\/posts"}],"about":[{"href":"https:\/\/comtal.org\/es\/wp-json\/wp\/v2\/types\/post"}],"author":[{"embeddable":true,"href":"https:\/\/comtal.org\/es\/wp-json\/wp\/v2\/users\/2"}],"replies":[{"embeddable":true,"href":"https:\/\/comtal.org\/es\/wp-json\/wp\/v2\/comments?post=13230"}],"version-history":[{"count":1,"href":"https:\/\/comtal.org\/es\/wp-json\/wp\/v2\/posts\/13230\/revisions"}],"predecessor-version":[{"id":13425,"href":"https:\/\/comtal.org\/es\/wp-json\/wp\/v2\/posts\/13230\/revisions\/13425"}],"wp:attachment":[{"href":"https:\/\/comtal.org\/es\/wp-json\/wp\/v2\/media?parent=13230"}],"wp:term":[{"taxonomy":"category","embeddable":true,"href":"https:\/\/comtal.org\/es\/wp-json\/wp\/v2\/categories?post=13230"},{"taxonomy":"post_tag","embeddable":true,"href":"https:\/\/comtal.org\/es\/wp-json\/wp\/v2\/tags?post=13230"}],"curies":[{"name":"wp","href":"https:\/\/api.w.org\/{rel}","templated":true}]}}