{"id":13227,"date":"2012-02-23T00:00:00","date_gmt":"2012-02-23T00:00:00","guid":{"rendered":"https:\/\/comtal.org\/digam-que-mestimes\/"},"modified":"2016-10-31T13:39:53","modified_gmt":"2016-10-31T13:39:53","slug":"digam-que-mestimes","status":"publish","type":"post","link":"https:\/\/comtal.org\/es\/digam-que-mestimes\/","title":{"rendered":"Diga&#8217;m que m&#8217;estimes"},"content":{"rendered":"<p><a href=\"https:\/\/comtal.org\/wp-content\/uploads\/abra\u00e7ada1.jpg\"><img loading=\"lazy\" decoding=\"async\" class=\"alignleft size-medium wp-image-655\" title=\"abra\u00e7ada\" src=\"https:\/\/comtal.org\/wp-content\/uploads\/abra\u00e7ada1.jpg\" alt=\"\" width=\"300\" height=\"289\" \/><\/a>\u00abS\u00ed, ja s\u00e9 que aquesta \u00e9s la frase col\u00b7loquial m\u00e9s emprada del cinema, la literatura, etc. Un t\u00f2pic&#8230; per\u00f2 sovint <strong>un t\u00f2pic real que cal formular en veu alta i esperar-ne la resposta per sentir-se existent i important per a alg\u00fa.<\/strong>  Segons l&#8217;Idescat (Institut Catal\u00e0 d&#8217;Estad\u00edstica), un <strong>19%<\/strong> de la poblaci\u00f3 catalana corre un perill seri\u00f3s de caure en l&#8217;exclusi\u00f3 social. Un <strong>23,7%<\/strong> dels menors -1 de cada 4 infants menor de 16 anys- viu en un entorn familiar per sota del llindar de la pobresa, en dures condicions de precarietat.  <strong>A la  Fundaci\u00f3 Comtal en el darrer any hem at\u00e8s m\u00e9s de 5.000 infants i joves mentre v\u00e8iem de forma alarmant com viuen en primera persona els efectes de la pobresa i la manca del m\u00e9s necessari per viure.<\/strong> Estem vivint el retorn a escenaris que ja havien estat superats: alimentaci\u00f3 deficit\u00e0ria, augment dels problemes de salut mental, desnonaments, habitatges en penoses condicions de salubritat i amb sobreocupaci\u00f3, deutes, degradaci\u00f3\u00a0 de l\u2019entorn familiar, augment d\u2019abandonament escolar, trastorns de la conducta, retorn a l\u2019atur, noves addiccions, manca d\u2019habilitats parentals&#8230;  I, el m\u00e9s preocupant, la constataci\u00f3 de que la pobresa no sols \u00e9s la manca de diners per poder cobrir les necessitats b\u00e0siques, sin\u00f3 que en moments de crisi, de situacions que han creuat la fina l\u00ednia entre la dignitat i la manca de respecte per la persona, en moments en qu\u00e8 la soledat i l&#8217;angoixa envaeix el cor de molts infants i joves, i de les seves fam\u00edlies,&#8230; la pobresa, va m\u00e9s enll\u00e0&#8230;<strong>tots ells esperen que alg\u00fa pronunci\u00ef un T\u2019ESTIMO<\/strong>; esperen, des d\u2019un silenci\u00f3s crit que se\u2019ls gla\u00e7a a la gola, una abra\u00e7ada amiga que els doni forces per continuar lluitant per all\u00f2 que els hem dit que \u00e9s un dret, per\u00f2 que a ells els ha tocat viure-ho com un privilegi perqu\u00e8 no els hi \u00e9s donat ni facilitat.  <em>Qu\u00e8 et passa Jessi, qu\u00e8 necessites per ser feli\u00e7? I la petita plorant i sanglotant em respon: sentir- me estimada<\/em>.  Diga\u2019m que m\u2019estimes, mare, per qu\u00e8 pateixes tant per la feina, per arribar a fi de mes, que t\u2019oblides de dir-me el m\u00e9s important.\u00a0 Diga&#8217;m que m&#8217;estimes, educador que m\u2019ensenyes i jugues amb mi di\u00e0riament, per\u00f2 que continues posant una barrera emocional per no ferir la teva professionalitat.\u00a0 Diga&#8217;m que m&#8217;estimes es llegeix en la mirada trista d\u2019aquell jove arribat de Mali, sense res m\u00e9s que el somni del seu futur, i que ara dorm al carrer. Diga&#8217;m que m&#8217;estimes, espera aquella fam\u00edlia que ens pregunta on anar a buscar aliments mentre fa mesos que lluiten contra el desnonament i estan cansats d\u2019omplir formularis.  No podem restar cecs. La pobresa cohabita amb nosaltres, i de nosaltres \u2013encara privilegiats- n\u2019espera i exigeix molt m\u00e9s que l\u2019ajut econ\u00f2mic.  Diga\u2019m que m\u2019estimes, s\u00f3c una persona com tu, estic davant teu, no em neguis la mirada, ni la paraula,&#8230; senzillament <strong>escolta\u2019m, acompanya\u2019m, no ignoris la meva pres\u00e8ncia, deixa\u2019m entrar a la teva vida\u00bb. <\/strong>  <strong>Anna-bel Carbonell, directora de la Fundaci\u00f3 Comtal <\/strong><\/p>\n","protected":false},"excerpt":{"rendered":"<p>\u00abS\u00ed, ja s\u00e9 que aquesta \u00e9s la frase col\u00b7loquial m\u00e9s emprada del cinema, la literatura, etc. Un t\u00f2pic&#8230; per\u00f2 sovint un t\u00f2pic real que cal formular en veu alta i [&hellip;]<\/p>\n","protected":false},"author":2,"featured_media":0,"comment_status":"closed","ping_status":"closed","sticky":false,"template":"","format":"standard","meta":{"footnotes":""},"categories":[277],"tags":[],"class_list":["post-13227","post","type-post","status-publish","format-standard","hentry","category-testimonials"],"_links":{"self":[{"href":"https:\/\/comtal.org\/es\/wp-json\/wp\/v2\/posts\/13227","targetHints":{"allow":["GET"]}}],"collection":[{"href":"https:\/\/comtal.org\/es\/wp-json\/wp\/v2\/posts"}],"about":[{"href":"https:\/\/comtal.org\/es\/wp-json\/wp\/v2\/types\/post"}],"author":[{"embeddable":true,"href":"https:\/\/comtal.org\/es\/wp-json\/wp\/v2\/users\/2"}],"replies":[{"embeddable":true,"href":"https:\/\/comtal.org\/es\/wp-json\/wp\/v2\/comments?post=13227"}],"version-history":[{"count":1,"href":"https:\/\/comtal.org\/es\/wp-json\/wp\/v2\/posts\/13227\/revisions"}],"predecessor-version":[{"id":13427,"href":"https:\/\/comtal.org\/es\/wp-json\/wp\/v2\/posts\/13227\/revisions\/13427"}],"wp:attachment":[{"href":"https:\/\/comtal.org\/es\/wp-json\/wp\/v2\/media?parent=13227"}],"wp:term":[{"taxonomy":"category","embeddable":true,"href":"https:\/\/comtal.org\/es\/wp-json\/wp\/v2\/categories?post=13227"},{"taxonomy":"post_tag","embeddable":true,"href":"https:\/\/comtal.org\/es\/wp-json\/wp\/v2\/tags?post=13227"}],"curies":[{"name":"wp","href":"https:\/\/api.w.org\/{rel}","templated":true}]}}