{"id":13225,"date":"2012-02-23T00:00:00","date_gmt":"2012-02-23T00:00:00","guid":{"rendered":"https:\/\/comtal.org\/tens-cinc-minuts-ara-i-un-euro-al-mes\/"},"modified":"2016-10-31T13:39:53","modified_gmt":"2016-10-31T13:39:53","slug":"tens-cinc-minuts-ara-i-un-euro-al-mes","status":"publish","type":"post","link":"https:\/\/comtal.org\/es\/tens-cinc-minuts-ara-i-un-euro-al-mes\/","title":{"rendered":"Tens cinc minuts ara i un euro al mes?"},"content":{"rendered":"<p><a href=\"https:\/\/comtal.org\/wp-content\/uploads\/teaming.jpg\"><img loading=\"lazy\" decoding=\"async\" class=\"alignleft size-full wp-image-651\" title=\"teaming\" src=\"https:\/\/comtal.org\/wp-content\/uploads\/teaming.jpg\" alt=\"\" width=\"175\" height=\"131\" \/><\/a>Et presentem una iniciativa que est\u00e0  movent en <strong>Jaume<\/strong>, un dels nostres col\u00b7laboradors m\u00e9s actius, una persona que  coneix a fons la nostra feina i se l\u2019estima.  En Jaume ha estat el creador i major  impulsor del perfil de la Fundaci\u00f3 Comtal al portal de<strong> <a title=\"blocked::https:\/\/www.teaming.net\/amicsdelafundaciocomtal\" href=\"https:\/\/www.teaming.net\/amicsdelafundaciocomtal\" target=\"_blank\" rel=\"noopener\">Teaming<\/a>,<\/strong> una plataforma que ens permet \u00a0crear <strong> \u201cun equip\u201dvirtual de persones que aporten 1  euro al mes per a un pot com\u00fa que anir\u00e0 destinat a fer possible la tasca que  realitzem vers els infants i joves m\u00e9s vulnerables.<\/strong>  Es tracta d\u2019una campanya innovadora  que ell mateix lidera. Va crear la  p\u00e0gina al portal, va ser el primer en formar part del grup, i ara la promou  entre els seus\/ves coneguts\/des, amb un  missatge fresc i innovador, perqu\u00e8 hi col\u00b7laborin aportant aquest petit donatiu  mensual o movent la iniciativa.  En aquest punt, ara toca que entre  tots i totes nodrim aquest grup per fer-lo gran i fort. T\u2019animem a fer-te part\u00edcip de la iniciativa,<strong> sumant-te al nostre equip i movent el missatge entre la teva  gent.<\/strong>  Per a nosaltres \u00e9s molt important  disposar de persones com en Jaume i com totes aquelles que volunt\u00e0riament  col\u00b7laboren amb nosaltres aportant el seu temps i enginy a la nostra feina  di\u00e0ria.  Si tens alguna idea que et rondi pel  cap parlem-ne i segur que aconseguirem fruits!  <strong>Moltes gr\u00e0cies per  acompanyar-nos-hi.<\/strong><\/p>\n","protected":false},"excerpt":{"rendered":"<p>Et presentem una iniciativa que est\u00e0 movent en Jaume, un dels nostres col\u00b7laboradors m\u00e9s actius, una persona que coneix a fons la nostra feina i se l\u2019estima. En Jaume ha [&hellip;]<\/p>\n","protected":false},"author":2,"featured_media":0,"comment_status":"closed","ping_status":"closed","sticky":false,"template":"","format":"standard","meta":{"footnotes":""},"categories":[277],"tags":[],"class_list":["post-13225","post","type-post","status-publish","format-standard","hentry","category-testimonials"],"_links":{"self":[{"href":"https:\/\/comtal.org\/es\/wp-json\/wp\/v2\/posts\/13225","targetHints":{"allow":["GET"]}}],"collection":[{"href":"https:\/\/comtal.org\/es\/wp-json\/wp\/v2\/posts"}],"about":[{"href":"https:\/\/comtal.org\/es\/wp-json\/wp\/v2\/types\/post"}],"author":[{"embeddable":true,"href":"https:\/\/comtal.org\/es\/wp-json\/wp\/v2\/users\/2"}],"replies":[{"embeddable":true,"href":"https:\/\/comtal.org\/es\/wp-json\/wp\/v2\/comments?post=13225"}],"version-history":[{"count":1,"href":"https:\/\/comtal.org\/es\/wp-json\/wp\/v2\/posts\/13225\/revisions"}],"predecessor-version":[{"id":13426,"href":"https:\/\/comtal.org\/es\/wp-json\/wp\/v2\/posts\/13225\/revisions\/13426"}],"wp:attachment":[{"href":"https:\/\/comtal.org\/es\/wp-json\/wp\/v2\/media?parent=13225"}],"wp:term":[{"taxonomy":"category","embeddable":true,"href":"https:\/\/comtal.org\/es\/wp-json\/wp\/v2\/categories?post=13225"},{"taxonomy":"post_tag","embeddable":true,"href":"https:\/\/comtal.org\/es\/wp-json\/wp\/v2\/tags?post=13225"}],"curies":[{"name":"wp","href":"https:\/\/api.w.org\/{rel}","templated":true}]}}