{"id":13223,"date":"2012-02-15T00:00:00","date_gmt":"2012-02-15T00:00:00","guid":{"rendered":"https:\/\/comtal.org\/tapuntes-a-venir-de-rua\/"},"modified":"2016-10-31T13:39:53","modified_gmt":"2016-10-31T13:39:53","slug":"tapuntes-a-venir-de-rua","status":"publish","type":"post","link":"https:\/\/comtal.org\/es\/tapuntes-a-venir-de-rua\/","title":{"rendered":"T\u2019apuntes a venir de rua?"},"content":{"rendered":"<p><a href=\"https:\/\/comtal.org\/wp-content\/uploads\/carnaval.jpg\"><img loading=\"lazy\" decoding=\"async\" class=\"alignleft size-medium wp-image-644\" title=\"carnaval\" src=\"https:\/\/comtal.org\/wp-content\/uploads\/carnaval.jpg\" alt=\"\" width=\"216\" height=\"279\" \/><\/a>  El <strong>17 de febrer<\/strong> els infants i joves del Centre Obert Tria celebraran la festa del  Carnestoltes. Un any m\u00e9s, tindran una cita amb les disfresses, el  maquillatge de coloraines, la m\u00fasica&#8230;  Vols saber qu\u00e8 farem aquest dia? <\/p>\n<ul>\n<li><strong>17 hores:<\/strong> Trobada a Forn de la Fonda, 5.<\/li>\n<li><strong>17,30 hores:<\/strong> Sortida cap al Convent de Sant Agust\u00ed<\/li>\n<li><strong>18 hores<\/strong>: Rua de Carnaval.<\/li>\n<li><strong>18,45 hores: <\/strong>Animaci\u00f3 infantil al Convent de Sant Agust\u00ed.<\/li>\n<li> <strong>19,30 hores:<\/strong> Fi de festa i tornada cap al local de Forn de la Fonda, 5.<\/li>\n<\/ul>\n<p> Ens hi acompanyes?  T&#8217;hi esperem!<\/p>\n","protected":false},"excerpt":{"rendered":"<p>El 17 de febrer els infants i joves del Centre Obert Tria celebraran la festa del Carnestoltes. Un any m\u00e9s, tindran una cita amb les disfresses, el maquillatge de coloraines, [&hellip;]<\/p>\n","protected":false},"author":2,"featured_media":0,"comment_status":"closed","ping_status":"closed","sticky":false,"template":"","format":"standard","meta":{"footnotes":""},"categories":[277],"tags":[],"class_list":["post-13223","post","type-post","status-publish","format-standard","hentry","category-testimonials"],"_links":{"self":[{"href":"https:\/\/comtal.org\/es\/wp-json\/wp\/v2\/posts\/13223","targetHints":{"allow":["GET"]}}],"collection":[{"href":"https:\/\/comtal.org\/es\/wp-json\/wp\/v2\/posts"}],"about":[{"href":"https:\/\/comtal.org\/es\/wp-json\/wp\/v2\/types\/post"}],"author":[{"embeddable":true,"href":"https:\/\/comtal.org\/es\/wp-json\/wp\/v2\/users\/2"}],"replies":[{"embeddable":true,"href":"https:\/\/comtal.org\/es\/wp-json\/wp\/v2\/comments?post=13223"}],"version-history":[{"count":1,"href":"https:\/\/comtal.org\/es\/wp-json\/wp\/v2\/posts\/13223\/revisions"}],"predecessor-version":[{"id":13428,"href":"https:\/\/comtal.org\/es\/wp-json\/wp\/v2\/posts\/13223\/revisions\/13428"}],"wp:attachment":[{"href":"https:\/\/comtal.org\/es\/wp-json\/wp\/v2\/media?parent=13223"}],"wp:term":[{"taxonomy":"category","embeddable":true,"href":"https:\/\/comtal.org\/es\/wp-json\/wp\/v2\/categories?post=13223"},{"taxonomy":"post_tag","embeddable":true,"href":"https:\/\/comtal.org\/es\/wp-json\/wp\/v2\/tags?post=13223"}],"curies":[{"name":"wp","href":"https:\/\/api.w.org\/{rel}","templated":true}]}}