{"id":13220,"date":"2012-02-14T00:00:00","date_gmt":"2012-02-14T00:00:00","guid":{"rendered":"https:\/\/comtal.org\/moltes-gracies\/"},"modified":"2016-10-31T13:39:53","modified_gmt":"2016-10-31T13:39:53","slug":"moltes-gracies","status":"publish","type":"post","link":"https:\/\/comtal.org\/es\/moltes-gracies\/","title":{"rendered":"Moltes gr\u00e0cies!"},"content":{"rendered":"<p><a href=\"https:\/\/comtal.org\/wp-content\/uploads\/collage_ok1.jpg\"><img loading=\"lazy\" decoding=\"async\" class=\"alignleft size-medium wp-image-641\" title=\"collage_ok\" src=\"https:\/\/comtal.org\/wp-content\/uploads\/collage_ok1.jpg\" alt=\"\" width=\"300\" height=\"262\" \/><\/a>  \u00abBenvolgut\/da voluntari\/a,  Ens adrecem a tu per agrair la teva implicaci\u00f3 a la iniciativa <a href=\"http:\/\/www.bcnow.cat\/ECV2TBCN\/Front\/Otros\/BOW2011\/home\/_3_dQuJ0eNs5-tb7W0d80DwKn8S7wGyLmRpFNb1WCOggdS0zuAkp5UQ\" target=\"_blank\" rel=\"noopener\"><strong>Barcelona Opportunity Week<\/strong><\/a>, que ens ha perm\u00e8s difondre la nostra feina durant deu dies a diferents punts estrat\u00e8gics de la nostra ciutat com s\u00f3n els mercats municipals.  Gr\u00e0cies a tu<strong> hem arribat a moltes persones del carrer <\/strong>que fins ara no ens coneixien i a las que no haur\u00edem arribat per altres canals. Hem pogut transmetre la realitat del barri<strong> <\/strong>on tots i totes nosaltres treballem cada dia per donar un punt d\u2019esperan\u00e7a i just\u00edcia a les persones m\u00e9s vulnerables.  Siguem realistes. <strong>La feina no ha estat f\u00e0cil<\/strong>, els temps que corren s\u00f3n complicats i ens hem trobat de tot, gent m\u00e9s i menys predisposada a col\u00b7laborar amb nosaltres. Per\u00f2, <strong>quedem-nos amb la part positiva<\/strong>:<strong> amb totes aquelles persones que s\u2019han interessat per la nostra feina<\/strong>, les que s\u2019han plantejat fer-se volunt\u00e0ries, i fins i tot, han fet un donatiu per ajudar-nos a tirar endavant aquesta gran causa que ens mou.  La veritat \u00e9s que s\u2019ha sembrat molt i ja comencem a recollir la collita. Fins ara hem aconseguit <strong>m\u00e9s de 900 euros<\/strong> i <strong>44 persones<\/strong> han mostrat inter\u00e8s per rebre informaci\u00f3 sobre els nostres projectes i de com poden col\u00b7laborar amb nosaltres.  Una vegada m\u00e9s, <strong>la teva feina ha estat molt valuosa per a nosaltres<\/strong>. Gr\u00e0cies al teu ajut, en companyia d\u2019altres voluntaris\/es i professionals de l\u2019entitat, hem pogut estar en gaireb\u00e9 tots els mercats que participaven de la iniciativa. <strong>Aquest fet\u00a0 fa sentir-nos molt orgullosos\/es del nostre equip de voluntaris i volunt\u00e0ries.<\/strong> Sabem que el temps \u00e9s or i valorem molt positivament la teva participaci\u00f3.  Per a qualsevol aportaci\u00f3, suggeriment o millora pots posar-te en contacte amb nosaltres.  <strong>Moltes gr\u00e0cies i ens veiem a la  Fundaci\u00f3!\u00bb<\/strong>  Pd: T&#8217;animem a llegir la cr\u00f2nica de la nostra experi\u00e8ncia als mercats a la <a href=\"https:\/\/comtal.org\/index.php?lan=1&amp;&amp;posicion=2&amp;&amp;pos_grup=1&amp;&amp;pos_sub=1&amp;&amp;pos_bot=0&amp;&amp;id_new=358\">web<\/a> de la Fundaci\u00f3 Comtal.  <strong>Mireia Ferr\u00e9, responsable de Voluntariat, i Laura Herrero, t\u00e8cnica de Comunicaci\u00f3 i Captaci\u00f3 <\/strong><\/p>\n","protected":false},"excerpt":{"rendered":"<p>\u00abBenvolgut\/da voluntari\/a, Ens adrecem a tu per agrair la teva implicaci\u00f3 a la iniciativa Barcelona Opportunity Week, que ens ha perm\u00e8s difondre la nostra feina durant deu dies a diferents [&hellip;]<\/p>\n","protected":false},"author":2,"featured_media":13221,"comment_status":"closed","ping_status":"closed","sticky":false,"template":"","format":"standard","meta":{"footnotes":""},"categories":[277],"tags":[],"class_list":["post-13220","post","type-post","status-publish","format-standard","has-post-thumbnail","hentry","category-testimonials"],"_links":{"self":[{"href":"https:\/\/comtal.org\/es\/wp-json\/wp\/v2\/posts\/13220","targetHints":{"allow":["GET"]}}],"collection":[{"href":"https:\/\/comtal.org\/es\/wp-json\/wp\/v2\/posts"}],"about":[{"href":"https:\/\/comtal.org\/es\/wp-json\/wp\/v2\/types\/post"}],"author":[{"embeddable":true,"href":"https:\/\/comtal.org\/es\/wp-json\/wp\/v2\/users\/2"}],"replies":[{"embeddable":true,"href":"https:\/\/comtal.org\/es\/wp-json\/wp\/v2\/comments?post=13220"}],"version-history":[{"count":1,"href":"https:\/\/comtal.org\/es\/wp-json\/wp\/v2\/posts\/13220\/revisions"}],"predecessor-version":[{"id":13429,"href":"https:\/\/comtal.org\/es\/wp-json\/wp\/v2\/posts\/13220\/revisions\/13429"}],"wp:featuredmedia":[{"embeddable":true,"href":"https:\/\/comtal.org\/es\/wp-json\/wp\/v2\/media\/13221"}],"wp:attachment":[{"href":"https:\/\/comtal.org\/es\/wp-json\/wp\/v2\/media?parent=13220"}],"wp:term":[{"taxonomy":"category","embeddable":true,"href":"https:\/\/comtal.org\/es\/wp-json\/wp\/v2\/categories?post=13220"},{"taxonomy":"post_tag","embeddable":true,"href":"https:\/\/comtal.org\/es\/wp-json\/wp\/v2\/tags?post=13220"}],"curies":[{"name":"wp","href":"https:\/\/api.w.org\/{rel}","templated":true}]}}