{"id":13218,"date":"2012-01-17T00:00:00","date_gmt":"2012-01-17T00:00:00","guid":{"rendered":"https:\/\/comtal.org\/bcnow-una-gran-oportunitat-pero-necessitem-el-teu-temps\/"},"modified":"2016-10-31T13:39:53","modified_gmt":"2016-10-31T13:39:53","slug":"bcnow-una-gran-oportunitat-pero-necessitem-el-teu-temps","status":"publish","type":"post","link":"https:\/\/comtal.org\/es\/bcnow-una-gran-oportunitat-pero-necessitem-el-teu-temps\/","title":{"rendered":"BCNOW! Una gran oportunitat, per\u00f2 necessitem el teu temps!"},"content":{"rendered":"<p><a href=\"https:\/\/comtal.org\/wp-content\/uploads\/CUB-BCNOW2012-cat.jpg\"><img loading=\"lazy\" decoding=\"async\" class=\"alignleft size-medium wp-image-635\" title=\"CUB BCNOW2012-cat\" src=\"https:\/\/comtal.org\/wp-content\/uploads\/CUB-BCNOW2012-cat.jpg\" alt=\"\" width=\"300\" height=\"262\" \/><\/a>Amics i amigues!  Tornem a adre\u00e7ar-vos a vosaltres per demanar una mica m\u00e9s del vostre temps. <strong>Ens ha sorgit una gran oportunitat per fer difusi\u00f3 de la nostra feina per\u00f2 sense el teu suport no la podrem tirar endavant. <\/strong>  La Fundaci\u00f3 Comtal participar\u00e0 a la <strong><a href=\"http:\/\/www.bcnow.cat\/ECV2TBCN\/Front\/Otros\/BOW2011\/home\/_3_dQuJ0eNs5-tb7W0d80DwKn8S7wGyLmRpFNb1WCOggdS0zuAkp5UQ\" target=\"_blank\" rel=\"noopener\">Barcelona Oportunity   Week<\/a> (BCNOW!),<\/strong> una iniciativa organitzada per Turisme de   Barcelona, amb la col\u00b7laboraci\u00f3 dels comer\u00e7os de la ciutat, en qu\u00e8 durant la   setmana del\u00a0 <strong>27 de gener   al 5 de febrer<\/strong> s\u2019oferiran descomptes i ofertes en restaurants, hotels,   floristeries&#8230;  Barcelona Oportunity Week t\u00e9 a m\u00e9s un <strong>component social i ben\u00e8fic<\/strong>. <strong>La nostra entitat podr\u00e0 donar a con\u00e8ixer a 16 mercats municipals de Barcelona la feina que fa <\/strong>en benefici dels infants i joves en risc social. \u00c9s un gran oportunitat d\u2019explicar a la gent a la que no arribem per altres canals els problemes que viu el barri i que, com sempre, afecten les persones m\u00e9s vulnerables. \u00c9s l\u2019oportunitat d\u2019explicar com calen entitats com la nostra per afrontar les situacions extremes que cada vegada s\u00f3n m\u00e9s freq\u00fcents en el nostre dia a dia.  <strong> <\/strong>  Per aquest motiu,<strong> hem d\u2019estar presents 8 dies a 16 espais estrat\u00e8gics<\/strong> de la ciutat de Barcelona, com s\u00f3n els mercats, i necessitem mans per poder desenvolupar aquesta activitat. Cerquem amb urg\u00e8ncia persones que puguin estar als diferents mercats explicant la import\u00e0ncia de la nostra tasca i animant la gent perqu\u00e8 faci un donatiu.  <strong>Com ens pots ajudar? <\/strong>  &#8211;\u00a0\u00a0\u00a0\u00a0\u00a0\u00a0\u00a0 Dedicant un <strong>mati \u2013 o una estona<\/strong>&#8211; de dilluns a dissabte (<strong>del dia 27 de gener al 5 de febrer<\/strong>), <strong>de 9,30  a 13,30 hores<\/strong>.  &#8211;\u00a0\u00a0\u00a0\u00a0\u00a0\u00a0\u00a0 <strong>Fent difusi\u00f3<\/strong> entre els teus amics\/gues i coneguts\/des perqu\u00e8 s\u2019animin a participar-hi.  Si creus que podr\u00e0s col\u00b7laborar amb nosaltres algun d\u2019aquests dies, si us plau, envia un e-mail a <strong>comunicacio@comtal.org<\/strong> o truca al <strong>93 295 46 36<\/strong> abans d\u2019aquest divendres <strong>20 de gener<\/strong>, assenyalant el mercat on t\u2019aniria b\u00e9 anar-hi <span style=\"text-decoration: underline;\">(<a href=\"https:\/\/comtal.org\/Comunicats\/mercats.pdf\"> llistat dels mercats que participen de la iniciativa<\/a>). <\/span>  La propera setmana realitzarem una formaci\u00f3 per explicar-vos m\u00e9s detalls de la iniciativa.  <strong>Moltes gr\u00e0cies pel vostre suport!<\/strong><strong> <\/strong><\/p>\n","protected":false},"excerpt":{"rendered":"<p>Amics i amigues! Tornem a adre\u00e7ar-vos a vosaltres per demanar una mica m\u00e9s del vostre temps. Ens ha sorgit una gran oportunitat per fer difusi\u00f3 de la nostra feina per\u00f2 [&hellip;]<\/p>\n","protected":false},"author":2,"featured_media":0,"comment_status":"closed","ping_status":"closed","sticky":false,"template":"","format":"standard","meta":{"footnotes":""},"categories":[277],"tags":[],"class_list":["post-13218","post","type-post","status-publish","format-standard","hentry","category-testimonials"],"_links":{"self":[{"href":"https:\/\/comtal.org\/es\/wp-json\/wp\/v2\/posts\/13218","targetHints":{"allow":["GET"]}}],"collection":[{"href":"https:\/\/comtal.org\/es\/wp-json\/wp\/v2\/posts"}],"about":[{"href":"https:\/\/comtal.org\/es\/wp-json\/wp\/v2\/types\/post"}],"author":[{"embeddable":true,"href":"https:\/\/comtal.org\/es\/wp-json\/wp\/v2\/users\/2"}],"replies":[{"embeddable":true,"href":"https:\/\/comtal.org\/es\/wp-json\/wp\/v2\/comments?post=13218"}],"version-history":[{"count":1,"href":"https:\/\/comtal.org\/es\/wp-json\/wp\/v2\/posts\/13218\/revisions"}],"predecessor-version":[{"id":13430,"href":"https:\/\/comtal.org\/es\/wp-json\/wp\/v2\/posts\/13218\/revisions\/13430"}],"wp:attachment":[{"href":"https:\/\/comtal.org\/es\/wp-json\/wp\/v2\/media?parent=13218"}],"wp:term":[{"taxonomy":"category","embeddable":true,"href":"https:\/\/comtal.org\/es\/wp-json\/wp\/v2\/categories?post=13218"},{"taxonomy":"post_tag","embeddable":true,"href":"https:\/\/comtal.org\/es\/wp-json\/wp\/v2\/tags?post=13218"}],"curies":[{"name":"wp","href":"https:\/\/api.w.org\/{rel}","templated":true}]}}