{"id":13216,"date":"2012-01-16T00:00:00","date_gmt":"2012-01-16T00:00:00","guid":{"rendered":"https:\/\/comtal.org\/la-dura-realitat-davui-per-als-nostres-infants-i-joves\/"},"modified":"2016-10-31T13:39:53","modified_gmt":"2016-10-31T13:39:53","slug":"la-dura-realitat-davui-per-als-nostres-infants-i-joves","status":"publish","type":"post","link":"https:\/\/comtal.org\/es\/la-dura-realitat-davui-per-als-nostres-infants-i-joves\/","title":{"rendered":"La dura realitat d\u2019avui per als nostres infants i joves"},"content":{"rendered":"<p><a href=\"https:\/\/comtal.org\/wp-content\/uploads\/caminar.jpg\"><img loading=\"lazy\" decoding=\"async\" class=\"alignleft size-medium wp-image-630\" title=\"caminar\" src=\"https:\/\/comtal.org\/wp-content\/uploads\/caminar.jpg\" alt=\"\" width=\"300\" height=\"210\" \/><\/a>\u201cEngeguem el nou curs i <strong>\u00e9s el moment de reflexionar sobre la situaci\u00f3 en qu\u00e8 ens trobem<\/strong> i la import\u00e0ncia de la feina que fem en benefici de les persones m\u00e9s vulnerables.  A la Fundaci\u00f3 Comtal, <strong>la crisi<\/strong>, com a tot arreu, colpeja avui amb for\u00e7a. La nostra missi\u00f3 \u00e9s atendre els infants i joves amb m\u00e9s dificultats, i en aix\u00f2 portem 18 anys posant a diari el nostre esfor\u00e7. Val a dir, per\u00f2, que una part de la societat no ens ajuda gaire. La xifra de persones a l\u2019atur \u00e9s insostenible i els valors de just\u00edcia social i conc\u00f2rdia queden en entredit. En aquest punt, <strong>no ens podem quedar sense fer res veient com evoluciona aquesta terrible crisi que ens ha tocat viure i com paguen les conseq\u00fc\u00e8ncies els de sempre, els m\u00e9s febles.<\/strong>  Treballant amb molta austeritat, rigor econ\u00f2mic i sense que ens manqui la for\u00e7a del nostre comprom\u00eds per donar suport a la gent m\u00e9s fr\u00e0gil, podem dir a dia d\u2019avui que estem al seu costat amb tots els programes en marxa.  El <strong>curs 2010-11 <\/strong>hem at\u00e8s <strong>4.411 persones<\/strong> i la xifra va creixent. Els infants, joves i les seves fam\u00edlies estan patint i molt, i des de la Fundaci\u00f3 Comtal els acompanyem oferint-los eines que els facilitin m\u00e9s oportunitats de futur.  Hem intentat cercar una certa qualitat de vida de les persones, per\u00f2 <strong>malauradament hem retrocedit molt, massa.<\/strong> Encara que al segle XXI ens sembli fora de lloc, veiem i sentim coses que cr\u00e8iem superades. Situacions de la postguerra de fa 75 anys les tenim avui i s\u00f3n ben veritat.  Entre d\u2019altres, veiem com augmenten els <strong>problemes amb l\u2019habitatge, es massifica l\u2019atur, els i les nostres joves cada vegada tenen pitjor formaci\u00f3, es normalitza el racisme, creix la mala alimentaci\u00f3, ressorgeixen les addicions de baix cost<\/strong>&#8230;  Els temps d\u2019ara s\u00f3n molt complicats i encara ho \u00e9s m\u00e9s aconseguir recursos per fer front a aquesta situaci\u00f3. Des del comprom\u00eds amb\u00a0les persones hem de fer m\u00e9s amb menys i, per tant, optimitzar m\u00e9s els pocs recursos que tenim.  Hem de sensibilitzar i invertir moltes energies per aconseguir m\u00e9s suport econ\u00f2mic, per continuar treballant per a la formaci\u00f3 dels joves i infants i fer-los responsables del seu creixement.  Al final i com diem des del primer dia que vam iniciar aquest cam\u00ed, <strong>creiem fermament que l\u2019\u201dEducaci\u00f3 \u00e9s Clau de Futur\u201d<\/strong>.\u00a0 Ara m\u00e9s que mai necessitem el teu suport per continuar caminant\u00bb.  <strong>Article escrit pel Jordi Jover, vicepresident de la Fundaci\u00f3 Comtal, basant-se en les reflexions fetes pels equips de treball d\u2019atenci\u00f3 directa. <\/strong>  <strong> <\/strong><\/p>\n","protected":false},"excerpt":{"rendered":"<p>\u201cEngeguem el nou curs i \u00e9s el moment de reflexionar sobre la situaci\u00f3 en qu\u00e8 ens trobem i la import\u00e0ncia de la feina que fem en benefici de les persones [&hellip;]<\/p>\n","protected":false},"author":2,"featured_media":13217,"comment_status":"closed","ping_status":"closed","sticky":false,"template":"","format":"standard","meta":{"footnotes":""},"categories":[277],"tags":[],"class_list":["post-13216","post","type-post","status-publish","format-standard","has-post-thumbnail","hentry","category-testimonials"],"_links":{"self":[{"href":"https:\/\/comtal.org\/es\/wp-json\/wp\/v2\/posts\/13216","targetHints":{"allow":["GET"]}}],"collection":[{"href":"https:\/\/comtal.org\/es\/wp-json\/wp\/v2\/posts"}],"about":[{"href":"https:\/\/comtal.org\/es\/wp-json\/wp\/v2\/types\/post"}],"author":[{"embeddable":true,"href":"https:\/\/comtal.org\/es\/wp-json\/wp\/v2\/users\/2"}],"replies":[{"embeddable":true,"href":"https:\/\/comtal.org\/es\/wp-json\/wp\/v2\/comments?post=13216"}],"version-history":[{"count":1,"href":"https:\/\/comtal.org\/es\/wp-json\/wp\/v2\/posts\/13216\/revisions"}],"predecessor-version":[{"id":13431,"href":"https:\/\/comtal.org\/es\/wp-json\/wp\/v2\/posts\/13216\/revisions\/13431"}],"wp:featuredmedia":[{"embeddable":true,"href":"https:\/\/comtal.org\/es\/wp-json\/wp\/v2\/media\/13217"}],"wp:attachment":[{"href":"https:\/\/comtal.org\/es\/wp-json\/wp\/v2\/media?parent=13216"}],"wp:term":[{"taxonomy":"category","embeddable":true,"href":"https:\/\/comtal.org\/es\/wp-json\/wp\/v2\/categories?post=13216"},{"taxonomy":"post_tag","embeddable":true,"href":"https:\/\/comtal.org\/es\/wp-json\/wp\/v2\/tags?post=13216"}],"curies":[{"name":"wp","href":"https:\/\/api.w.org\/{rel}","templated":true}]}}