{"id":13214,"date":"2012-01-05T00:00:00","date_gmt":"2012-01-05T00:00:00","guid":{"rendered":"https:\/\/comtal.org\/marxo-cap-a-la-fundacio\/"},"modified":"2016-10-31T13:39:54","modified_gmt":"2016-10-31T13:39:54","slug":"marxo-cap-a-la-fundacio","status":"publish","type":"post","link":"https:\/\/comtal.org\/es\/marxo-cap-a-la-fundacio\/","title":{"rendered":"\u201cMarxo cap a la Fundaci\u00f3!\u201d"},"content":{"rendered":"<p><a href=\"https:\/\/comtal.org\/wp-content\/uploads\/DSC_0043.jpg\"><img loading=\"lazy\" decoding=\"async\" class=\"alignleft size-medium wp-image-625\" title=\"DSC_0043\" src=\"https:\/\/comtal.org\/wp-content\/uploads\/DSC_0043.jpg\" alt=\"\" width=\"300\" height=\"199\" \/><\/a>A la trobada del dia<strong> 20 de desembre<\/strong>, la  <strong>Mireia Ferr\u00e9<\/strong>, responsable de Voluntariat, ens va presentar un escrit amb una hist\u00f2ria inspirada en les paraules que van sorgir de la primera reuni\u00f3 de voluntaris i volunt\u00e0ries del curs.  \u201c<strong>Disponibilitat. Organitzaci\u00f3. Gratificant. Solidaritat. Creixement. Il\u00b7lusi\u00f3. Suport. Generositat. Bon equip. Ajudar. Servei. Desenvolupament. Comprom\u00eds<\/strong>\u201d Aquests s\u00f3n els termes que expliquen el que representa per a ells i elles la tasca solid\u00e0ria que desenvolupen en el seu dia a dia.  Ara queden dibuixats en aquest article que volem compartir amb tots i totes vosaltres. Esperem que us agradi!  \u201cUna tarda qualsevol, a una ciutat com Barcelona, la Maria i l\u2019Adela parlen des del seu balc\u00f3 sobre un ve\u00ed que les t\u00e9 intrigades.  \u2014Has vist en Ramon? Ara diu que \u00e9s voluntari! Mai he ent\u00e8s com alg\u00fa pot invertir el seu temps en alg\u00fa altre\u2026 i lo pitjor de tot \u00e9s que \u00e9s sense res a canvi!  En Ramon que les estava escoltant des de casa seva va picar a la porta de casa d\u2019una d\u2019elles i amb una capsa de galetes sota el bra\u00e7 va dir: \u2014Bona tarda, he sentit que parl\u00e0veu de\u2026 M\u2019agradaria preguntar-vos una cosa! \u00bfAquell personatge del qual parl\u00e0veu\u2026 il\u00b7lusionat amb canviar el dia a dia amb les seves accions\u2026 era jo?  Les noies van quedar-se de pedra. \u2014 Mmmmm no, no! Nosaltres parl\u00e0vem de que s\u2019ha de tenir molt de temps oi per ser voluntari? Disponibilitat hor\u00e0ria i sobretot un comprom\u00eds? S\u00f3n paraules massa grans per nosaltres!  En Ramon va quedar-se somrient i mirant-se-les va dir: \u2014Jo nom\u00e9s faig all\u00f2 que crec que he de fer i ara mateix \u00e9s ajudar, donant el meu suport a una organitzaci\u00f3 d\u2019aqu\u00ed de Barcelona.  \u2014Per\u00f2 \u00e9s que jo no tinc temps, jo sola no s\u00e9 si podria\u2014 va dir l\u2019Adela.  \u2014 Amb ganes de fer coses, podr\u00e0s fer all\u00f2 que m\u00e9s vulguis. All\u00e0 on faig de voluntari som un bon equip. Hi ha persones de totes les edats i de totes les professions. \u00c9s molt gratificant formar part d\u2019un tot tan important com \u00e9s la nostra societat.  \u2014 Ja hi formem part! \u2014digu\u00e9 la Maria \u2014jo s\u00f3c solid\u00e0ria amb moltes coses!  \u2014S\u00ed! Per\u00f2 jo d\u2019una manera activa! El dia a dia m\u2019ha ajudat a cr\u00e9ixer i desenvolupar-me com a persona i ser conscient de la realitat que m\u2019envolta.  \u2014 Que gener\u00f3s! Per cert vols un caf\u00e8?  \u2014 No, moltes gr\u00e0cies\u2026que marxo cap a la  Fundaci\u00f3!  \u2014 Fins aviat doncs!\u201d.<\/p>\n","protected":false},"excerpt":{"rendered":"<p>A la trobada del dia 20 de desembre, la Mireia Ferr\u00e9, responsable de Voluntariat, ens va presentar un escrit amb una hist\u00f2ria inspirada en les paraules que van sorgir de [&hellip;]<\/p>\n","protected":false},"author":2,"featured_media":0,"comment_status":"closed","ping_status":"closed","sticky":false,"template":"","format":"standard","meta":{"footnotes":""},"categories":[277],"tags":[],"class_list":["post-13214","post","type-post","status-publish","format-standard","hentry","category-testimonials"],"_links":{"self":[{"href":"https:\/\/comtal.org\/es\/wp-json\/wp\/v2\/posts\/13214","targetHints":{"allow":["GET"]}}],"collection":[{"href":"https:\/\/comtal.org\/es\/wp-json\/wp\/v2\/posts"}],"about":[{"href":"https:\/\/comtal.org\/es\/wp-json\/wp\/v2\/types\/post"}],"author":[{"embeddable":true,"href":"https:\/\/comtal.org\/es\/wp-json\/wp\/v2\/users\/2"}],"replies":[{"embeddable":true,"href":"https:\/\/comtal.org\/es\/wp-json\/wp\/v2\/comments?post=13214"}],"version-history":[{"count":1,"href":"https:\/\/comtal.org\/es\/wp-json\/wp\/v2\/posts\/13214\/revisions"}],"predecessor-version":[{"id":13432,"href":"https:\/\/comtal.org\/es\/wp-json\/wp\/v2\/posts\/13214\/revisions\/13432"}],"wp:attachment":[{"href":"https:\/\/comtal.org\/es\/wp-json\/wp\/v2\/media?parent=13214"}],"wp:term":[{"taxonomy":"category","embeddable":true,"href":"https:\/\/comtal.org\/es\/wp-json\/wp\/v2\/categories?post=13214"},{"taxonomy":"post_tag","embeddable":true,"href":"https:\/\/comtal.org\/es\/wp-json\/wp\/v2\/tags?post=13214"}],"curies":[{"name":"wp","href":"https:\/\/api.w.org\/{rel}","templated":true}]}}