{"id":13209,"date":"2011-11-23T00:00:00","date_gmt":"2011-11-23T00:00:00","guid":{"rendered":"https:\/\/comtal.org\/ball-democions\/"},"modified":"2016-10-31T13:39:54","modified_gmt":"2016-10-31T13:39:54","slug":"ball-democions","status":"publish","type":"post","link":"https:\/\/comtal.org\/es\/ball-democions\/","title":{"rendered":"Ball d\u2019emocions"},"content":{"rendered":"<p><a href=\"https:\/\/comtal.org\/wp-content\/uploads\/volunt2.jpg\"><img loading=\"lazy\" decoding=\"async\" class=\"alignleft size-medium wp-image-615\" title=\"volunt\" src=\"https:\/\/comtal.org\/wp-content\/uploads\/volunt2.jpg\" alt=\"\" width=\"300\" height=\"199\" \/><\/a>Falten deu minuts perqu\u00e8 comenci la <strong>primera trobada de Voluntariat del curs<\/strong> a la Fundaci\u00f3.  El timbre comen\u00e7a a sonar i les veus dels infants i joves del Centre Obert comencen a barrejar-se amb les dels i les voluntaris\/es.  Seiem tots en rotllana, i alg\u00fa encuriosit pregunta: \u201cQu\u00e8 ens heu preparat per avui?\u201d. Hi ha voluntaris\/es que es retroben i se saluden, d\u2019altres que observen atents\/es el nou local. Entre paraules de benvinguda i alguna que altra rialla comen\u00e7a la reuni\u00f3.  M\u2019adono que la sala \u00e9s plena de persones de totes les edats. Qu\u00e8 enriquidor! N\u2019hi ha que mai havien fet Voluntariat i d\u2019altres que ja s\u00f3n com de la casa. <strong>El que veig s\u00f3n tot d\u2019ulls curiosos, expectants per comen\u00e7ar un nou curs amb ganes.<\/strong>  Tots\/es tenen alguna cosa en com\u00fa, que fa que aquesta tarda de dijous hagin decidit venir fins al local de Sant Pere Mitj\u00e0. Per\u00f2, que ser\u00e0? Sovint a les entrevistes de coneixen\u00e7a els pregunto: \u201cQu\u00e8 \u00e9s all\u00f2 que t\u2019ha fet venir fins aqu\u00ed avui?\u201d. Molts\/es parlen de <strong>just\u00edcia, solidaritat o de servir a la comunitat<\/strong>. Hi ha diverses raons per les quals una persona es decideix a fer Voluntariat.  S\u2019engega la reuni\u00f3 i comencem a parlar de la Fundaci\u00f3. Veig cares que se senten identificades i satisfetes mentre vaig parlant dels diferents projectes.\u00a0 Posem data a alguns esdeveniments d\u2019import\u00e0ncia i informem d\u2019algunes novetats. Finalment parlem sobre conceptes relacionats amb el Voluntariat, que extrets del debat en petits grups passen a ser ra\u00f3 per reflexionar sobre el fet de ser voluntari\/a. Surten paraules com <strong>paci\u00e8ncia, comprom\u00eds o just\u00edcia<\/strong>, entre d\u2019altres.  A mesura que avan\u00e7a la reuni\u00f3 l\u2019ambient \u00e9s m\u00e9s dist\u00e9s i qui m\u00e9s qui menys acaba dient la seva. Finalment acabem amb un pica-pica, un moment m\u00e9s relaxat on acomiadem la trobada.<strong> Entre refrescos, sento l\u2019energia i la il\u00b7lusi\u00f3 de les persones que creuen en el que fan<\/strong>. Persones amb ganes de dedicar una part del seu\u00a0 temps a fer alguna cosa pels altres. <strong>En una paraula: Voluntariat.<\/strong>  <strong>Article escrit per la Mireia Ferr\u00e9, coordinadora de Voluntariat. <\/strong><\/p>\n","protected":false},"excerpt":{"rendered":"<p>Falten deu minuts perqu\u00e8 comenci la primera trobada de Voluntariat del curs a la Fundaci\u00f3. El timbre comen\u00e7a a sonar i les veus dels infants i joves del Centre Obert [&hellip;]<\/p>\n","protected":false},"author":2,"featured_media":13210,"comment_status":"closed","ping_status":"closed","sticky":false,"template":"","format":"standard","meta":{"footnotes":""},"categories":[277],"tags":[],"class_list":["post-13209","post","type-post","status-publish","format-standard","has-post-thumbnail","hentry","category-testimonials"],"_links":{"self":[{"href":"https:\/\/comtal.org\/es\/wp-json\/wp\/v2\/posts\/13209","targetHints":{"allow":["GET"]}}],"collection":[{"href":"https:\/\/comtal.org\/es\/wp-json\/wp\/v2\/posts"}],"about":[{"href":"https:\/\/comtal.org\/es\/wp-json\/wp\/v2\/types\/post"}],"author":[{"embeddable":true,"href":"https:\/\/comtal.org\/es\/wp-json\/wp\/v2\/users\/2"}],"replies":[{"embeddable":true,"href":"https:\/\/comtal.org\/es\/wp-json\/wp\/v2\/comments?post=13209"}],"version-history":[{"count":1,"href":"https:\/\/comtal.org\/es\/wp-json\/wp\/v2\/posts\/13209\/revisions"}],"predecessor-version":[{"id":13435,"href":"https:\/\/comtal.org\/es\/wp-json\/wp\/v2\/posts\/13209\/revisions\/13435"}],"wp:featuredmedia":[{"embeddable":true,"href":"https:\/\/comtal.org\/es\/wp-json\/wp\/v2\/media\/13210"}],"wp:attachment":[{"href":"https:\/\/comtal.org\/es\/wp-json\/wp\/v2\/media?parent=13209"}],"wp:term":[{"taxonomy":"category","embeddable":true,"href":"https:\/\/comtal.org\/es\/wp-json\/wp\/v2\/categories?post=13209"},{"taxonomy":"post_tag","embeddable":true,"href":"https:\/\/comtal.org\/es\/wp-json\/wp\/v2\/tags?post=13209"}],"curies":[{"name":"wp","href":"https:\/\/api.w.org\/{rel}","templated":true}]}}