{"id":13207,"date":"2011-11-21T00:00:00","date_gmt":"2011-11-21T00:00:00","guid":{"rendered":"https:\/\/comtal.org\/som-finalistes-dels-premis-voluntariat-necessitem-el-teu-vot\/"},"modified":"2016-10-31T13:39:54","modified_gmt":"2016-10-31T13:39:54","slug":"som-finalistes-dels-premis-voluntariat-necessitem-el-teu-vot","status":"publish","type":"post","link":"https:\/\/comtal.org\/es\/som-finalistes-dels-premis-voluntariat-necessitem-el-teu-vot\/","title":{"rendered":"Som finalistes dels Premis Voluntariat. Necessitem el teu vot!"},"content":{"rendered":"<p><a href=\"https:\/\/comtal.org\/wp-content\/uploads\/rafel.jpg\"><img loading=\"lazy\" decoding=\"async\" class=\"alignleft size-medium wp-image-612\" title=\"rafel\" src=\"https:\/\/comtal.org\/wp-content\/uploads\/rafel.jpg\" alt=\"\" width=\"300\" height=\"198\" \/><\/a>Us informem que el projecte<strong> \u201c<a href=\"http:\/\/premis.voluntariat.org\/proyectes\/6.pdf\" target=\"_blank\" rel=\"noopener\">El valor de l\u2019experi\u00e8ncia<\/a>\u201d<\/strong> que vam presentar a la \u201c19a edici\u00f3 Premis Voluntariat 2011\u201d <strong>ha estat escollit com un dels finalistes! <\/strong>A m\u00e9s va ser una de les experi\u00e8ncies que es va donar a con\u00e8ixer al \u201c2n Congr\u00e9s Europeu del Voluntariat\u201d amb la col\u00b7laboraci\u00f3 de la <strong>Mireia Ferr\u00e9<\/strong>, coordinadora de Voluntariat, i el <strong>Rafel Alberola<\/strong>, voluntari del departament de Gesti\u00f3 de la Fundaci\u00f3 Comtal.  Fins el <strong>28 de novembre a les 12 hores <\/strong>est\u00e0 obert el <strong>per\u00edode de votaci\u00f3 popular <\/strong>per escollir la iniciativa millor valorada. La que m\u00e9s vots aconsegueixi rebr\u00e0 6.000 euros.  Aix\u00ed que <strong>us animem a votar el nostre projecte en <a href=\"http:\/\/premis.voluntariat.org\/scripts\/votacio.asp\" target=\"_blank\" rel=\"noopener\">aquest link<\/a><\/strong> <strong>i a avisar la vostra gent perqu\u00e8 col\u00b7laborin amb la causa.<\/strong> Ser\u00e0 un moment, nom\u00e9s haureu d\u2019incloure-hi el vostre e-mail (tants com tingueu!) i posteriorment rebreu un correu en aquest compte perqu\u00e8 confirmeu que voleu donar suport a aquesta iniciativa. Nom\u00e9s us portar\u00e0 dos clics!  <strong>Moltes gr\u00e0cies per avan\u00e7at!<\/strong><\/p>\n","protected":false},"excerpt":{"rendered":"<p>Us informem que el projecte \u201cEl valor de l\u2019experi\u00e8ncia\u201d que vam presentar a la \u201c19a edici\u00f3 Premis Voluntariat 2011\u201d ha estat escollit com un dels finalistes! A m\u00e9s va ser [&hellip;]<\/p>\n","protected":false},"author":2,"featured_media":13208,"comment_status":"closed","ping_status":"closed","sticky":false,"template":"","format":"standard","meta":{"footnotes":""},"categories":[277],"tags":[],"class_list":["post-13207","post","type-post","status-publish","format-standard","has-post-thumbnail","hentry","category-testimonials"],"_links":{"self":[{"href":"https:\/\/comtal.org\/es\/wp-json\/wp\/v2\/posts\/13207","targetHints":{"allow":["GET"]}}],"collection":[{"href":"https:\/\/comtal.org\/es\/wp-json\/wp\/v2\/posts"}],"about":[{"href":"https:\/\/comtal.org\/es\/wp-json\/wp\/v2\/types\/post"}],"author":[{"embeddable":true,"href":"https:\/\/comtal.org\/es\/wp-json\/wp\/v2\/users\/2"}],"replies":[{"embeddable":true,"href":"https:\/\/comtal.org\/es\/wp-json\/wp\/v2\/comments?post=13207"}],"version-history":[{"count":1,"href":"https:\/\/comtal.org\/es\/wp-json\/wp\/v2\/posts\/13207\/revisions"}],"predecessor-version":[{"id":13436,"href":"https:\/\/comtal.org\/es\/wp-json\/wp\/v2\/posts\/13207\/revisions\/13436"}],"wp:featuredmedia":[{"embeddable":true,"href":"https:\/\/comtal.org\/es\/wp-json\/wp\/v2\/media\/13208"}],"wp:attachment":[{"href":"https:\/\/comtal.org\/es\/wp-json\/wp\/v2\/media?parent=13207"}],"wp:term":[{"taxonomy":"category","embeddable":true,"href":"https:\/\/comtal.org\/es\/wp-json\/wp\/v2\/categories?post=13207"},{"taxonomy":"post_tag","embeddable":true,"href":"https:\/\/comtal.org\/es\/wp-json\/wp\/v2\/tags?post=13207"}],"curies":[{"name":"wp","href":"https:\/\/api.w.org\/{rel}","templated":true}]}}