{"id":13203,"date":"2011-11-17T00:00:00","date_gmt":"2011-11-17T00:00:00","guid":{"rendered":"https:\/\/comtal.org\/un-boci-de-realitat\/"},"modified":"2016-10-31T13:39:54","modified_gmt":"2016-10-31T13:39:54","slug":"un-boci-de-realitat","status":"publish","type":"post","link":"https:\/\/comtal.org\/es\/un-boci-de-realitat\/","title":{"rendered":"Un boc\u00ed de realitat"},"content":{"rendered":"<p><strong><a href=\"https:\/\/comtal.org\/wp-content\/uploads\/voluntaria.jpg\"><img loading=\"lazy\" decoding=\"async\" class=\"alignleft size-medium wp-image-608\" title=\"voluntaria\" src=\"https:\/\/comtal.org\/wp-content\/uploads\/voluntaria.jpg\" alt=\"\" width=\"300\" height=\"186\" \/><\/a>Parlar de Voluntariat sempre ha estat, per a mi, parlar d\u2019una actitud davant la vida, d\u2019una manera d\u2019entendre el m\u00f3n i de donar resposta a les necessitats dels que l\u2019habitem.<\/strong> El Voluntariat presenta, per si mateix, un valor intr\u00ednsec que va m\u00e9s enll\u00e0 de la persona que l\u2019exerceix sempre a favor de l\u2019inter\u00e8s general i del b\u00e9 com\u00fa.  La Fundaci\u00f3 Comtal, com tantes altres entitats socials, va n\u00e9ixer de la vocaci\u00f3 de servei d\u2019un grup de voluntaris i volunt\u00e0ries i, fins i tot en l\u2019actualitat, divuit anys despr\u00e9s de la seva constituci\u00f3, continua tenint entre els seus actius i valors principals, la for\u00e7a d\u2019un centenar de voluntaris\/es que desinteressadament donen suport a la tasca laboral que dia a dia fan una trentena d\u2019educadors\/es.  La nostra missi\u00f3 \u00e9s l\u2019educaci\u00f3 d\u2019infants, adolescents i joves en situaci\u00f3 de risc social, i la inserci\u00f3 laboral d\u2019aquests darrers, mitjan\u00e7ant la participaci\u00f3 en diferents projectes; i se centra en el treball amb la poblaci\u00f3 que es troba en situaci\u00f3 de marginalitat, vulnerabilitat i fragilitat del Barri Antic, al districte de Ciutat Vella de Barcelona.  A l\u2019hora d\u2019escriure aquest article se\u2019m van acudir diferents enfocaments i maneres de parlar sobre el Voluntariat i, mentre redactava alguns esborranys, la casualitat va fer que la coordinadora de Voluntariat de la Fundaci\u00f3 em fes arribar una reflexi\u00f3 sobre la seva feina. En llegir el text vaig pensar: <strong>qu\u00e8 millor que un testimoni directe, un boc\u00ed de realitat, per a il\u00b7lustrar la v\u00e0lua de tots aquells que s\u00f3n capa\u00e7os de donar part del seu temps en favor dels altres<\/strong>. Aix\u00ed, doncs, vaig decidir incorporar el seu escrit com a cos d\u2019aquest article.  \u00abPrimera hora del mat\u00ed, \u00e9s el moment de fer una altra entrevista a persones que v\u00e9nen interessades a fer de voluntaris. Arriba una senyora de certa edat, porta un llarg abric i ulleres, els cabells una mica despentinats i tots els seus moviments i expressions denoten que \u00e9s una persona amb molta energia. La convido a entrar en una de les aules i, mentre anem seient, em torna a repetir el mateix que em va comentar per tel\u00e8fon: <strong><em>S\u00f3c una persona gran i hi ha gent que pensa que ja no podem fer res quan som grans, per\u00f2 el que no saben \u00e9s que les persones grans aportem saviesa, i que si tu comparteixes m\u00e9s amb elles coneixes de veritat la hist\u00f2ria. Ara les persones grans cada vegada estan m\u00e9s apartades i \u00e9s per aix\u00f2 que els nens i nenes d\u2019avui dia no coneixen tantes hist\u00f2ries, contes\u2026, per\u00f2 jo crec que \u00e9s molt important i per aix\u00f2 m\u2019agradaria venir aqu\u00ed, perqu\u00e8 sempre falta una \u00e0via a prop, una persona que tamb\u00e9 et faci entendre el context de tot el que anem vivint<\/em>.<\/strong>  <strong>Despr\u00e9s d\u2019escoltar el que m\u2019anava comentant, mentre m\u2019ensenyava els titelles que havia fet amb tot de materials reutilitzats, les fotos de l\u2019artesania i els mobles que restaurava, escoltar com analitzava tots els canvis que hi ha hagut a l\u2019educaci\u00f3 i com parlava de la import\u00e0ncia d\u2019educar positivament\u2026 m\u2019adonava que aquella persona m\u2019estava ensenyant el seu curr\u00edculum, per\u00f2 un de ben diferent d\u2019aquells a qu\u00e8 estem acostumats: el de les experi\u00e8ncies de la vida.<\/strong>  <strong>Despr\u00e9s d\u2019aquesta entrevista vaig tenir uns dies de reflexi\u00f3 intensa sobre la tasca del i la voluntari\/a, entenia el fet de compartir plantejat des de l\u2019intercanvi, no de l\u2019assistencialisme, si no des d\u2019unes ganes de respectar la hist\u00f2ria que toca viure a cada persona, a cada nen\/a, a cada fam\u00edlia\u2026, i d\u2019entendre que l\u2019educaci\u00f3 \u00e9s un proc\u00e9s formal i no formal alhora, i \u00e9s la suma d\u2019aquests aprenentatges el que representa un paper fonamental en l\u2019aprenentatge al llarg de la vida, i de confirmaci\u00f3 de la import\u00e0ncia del refor\u00e7 positiu a les persones\u00bb.<\/strong>  En nom de les m\u00e9s de quatre mil persones, majorit\u00e0riament infants i joves i les seves fam\u00edlies, que anualment atenem a la nostra entitat: gr\u00e0cies, voluntaris\/es!  Article escrit per l\u2019<strong>Anna-Bel Carbonell<\/strong>, educadora social i directora de la  Fundaci\u00f3 Comtal.<\/p>\n","protected":false},"excerpt":{"rendered":"<p>Parlar de Voluntariat sempre ha estat, per a mi, parlar d\u2019una actitud davant la vida, d\u2019una manera d\u2019entendre el m\u00f3n i de donar resposta a les necessitats dels que l\u2019habitem. [&hellip;]<\/p>\n","protected":false},"author":2,"featured_media":13204,"comment_status":"closed","ping_status":"closed","sticky":false,"template":"","format":"standard","meta":{"footnotes":""},"categories":[277],"tags":[],"class_list":["post-13203","post","type-post","status-publish","format-standard","has-post-thumbnail","hentry","category-testimonials"],"_links":{"self":[{"href":"https:\/\/comtal.org\/es\/wp-json\/wp\/v2\/posts\/13203","targetHints":{"allow":["GET"]}}],"collection":[{"href":"https:\/\/comtal.org\/es\/wp-json\/wp\/v2\/posts"}],"about":[{"href":"https:\/\/comtal.org\/es\/wp-json\/wp\/v2\/types\/post"}],"author":[{"embeddable":true,"href":"https:\/\/comtal.org\/es\/wp-json\/wp\/v2\/users\/2"}],"replies":[{"embeddable":true,"href":"https:\/\/comtal.org\/es\/wp-json\/wp\/v2\/comments?post=13203"}],"version-history":[{"count":1,"href":"https:\/\/comtal.org\/es\/wp-json\/wp\/v2\/posts\/13203\/revisions"}],"predecessor-version":[{"id":13437,"href":"https:\/\/comtal.org\/es\/wp-json\/wp\/v2\/posts\/13203\/revisions\/13437"}],"wp:featuredmedia":[{"embeddable":true,"href":"https:\/\/comtal.org\/es\/wp-json\/wp\/v2\/media\/13204"}],"wp:attachment":[{"href":"https:\/\/comtal.org\/es\/wp-json\/wp\/v2\/media?parent=13203"}],"wp:term":[{"taxonomy":"category","embeddable":true,"href":"https:\/\/comtal.org\/es\/wp-json\/wp\/v2\/categories?post=13203"},{"taxonomy":"post_tag","embeddable":true,"href":"https:\/\/comtal.org\/es\/wp-json\/wp\/v2\/tags?post=13203"}],"curies":[{"name":"wp","href":"https:\/\/api.w.org\/{rel}","templated":true}]}}