{"id":13193,"date":"2011-10-13T00:00:00","date_gmt":"2011-10-13T00:00:00","guid":{"rendered":"https:\/\/comtal.org\/amb-el-voluntariat-aprens-sembres-i-comparteixes-la-il%c2%b7lusio-de-millorar-cada-dia\/"},"modified":"2016-10-31T13:39:54","modified_gmt":"2016-10-31T13:39:54","slug":"amb-el-voluntariat-aprens-sembres-i-comparteixes-la-il%c2%b7lusio-de-millorar-cada-dia","status":"publish","type":"post","link":"https:\/\/comtal.org\/es\/amb-el-voluntariat-aprens-sembres-i-comparteixes-la-il%c2%b7lusio-de-millorar-cada-dia\/","title":{"rendered":"\u201cAmb el Voluntariat aprens, sembres i comparteixes la il\u00b7lusi\u00f3 de millorar cada dia\u201d"},"content":{"rendered":"<p><a href=\"https:\/\/comtal.org\/wp-content\/uploads\/MG_0330.jpg\"><img loading=\"lazy\" decoding=\"async\" class=\"alignleft size-medium wp-image-581\" title=\"_MG_0330\" src=\"https:\/\/comtal.org\/wp-content\/uploads\/MG_0330.jpg\" alt=\"\" width=\"300\" height=\"199\" \/><\/a>\u00abNo s\u00f3n poques les vegades que penses a contribuir per fer possible un m\u00f3n m\u00e9s solidari, per\u00f2 immediatament sorgeixen les excuses com ara la falta de temps. Per\u00f2, qu\u00e8 passa una vegada decideixes ser voluntari\/a? Tots els sentits s\u2019activen davant el ventall de realitats i possibilitats que et d\u00f3na el teu entorn.  <strong>I<\/strong><strong>niciar-me en el m\u00f3n del Voluntariat de la m\u00e0 de la Fundaci\u00f3 Comtal ha estat molt positiu des del punt de vista vivencial. <\/strong>Encara que porto poc temps, he conegut les hist\u00f2ries d\u2019infants que desitgen un futur millor i que ho aconsegueixen gr\u00e0cies a l&#8217;equip de t\u00e8cnics\/ques, professionals i voluntaris\/es de l\u2019entitat.  He pogut seguir de prop l\u2019empatia dels i les educadors\/es, voluntaris\/es i els i les joves que assisteixen a diferents activitats. Per exemple, he experimentat una doble gratificaci\u00f3 al con\u00e8ixer la feina que es realitza des del programa <a href=\"https:\/\/comtal.org\/index.php?lan=1&amp;&amp;posicion=11&amp;&amp;pos_grup=2&amp;&amp;pos_sub=2&amp;&amp;pos_bot=3\">Construeix-te.<\/a> Per una banda, he conegut les prefer\u00e8ncies i els interessos de joves inactius que busquen acompanyament hum\u00e0 i educatiu i, d\u2019altra, m\u2019he topat amb mirades d\u2019il\u00b7lusi\u00f3 dels i les talleristes i formadors\/es que treballen compromesos\/es per assegurar una aut\u00e8ntica integraci\u00f3 social i educativa.  <strong>Darrera de cada petita acci\u00f3 i activitat hi han relats i hist\u00f2ries vives d&#8217;ampli inter\u00e8s hum\u00e0. <\/strong>Sempre he sentit inter\u00e8s per les persones, per con\u00e8ixer diferents contextos i maneres de veure el m\u00f3n. Per aquest motiu m\u2019ha agradat con\u00e8ixer altres voluntaris\/es i poder identificar les seves motivacions, experi\u00e8ncies i el sentit de pertinen\u00e7a a la Fundaci\u00f3 Comtal. \u00c9s aix\u00ed com <strong>he compr\u00e8s que amb el Voluntariat aprens, sembres i comparteixes la il\u00b7lusi\u00f3 de millorar cada dia treballant valors claus de solidaritat, treball en equip i educaci\u00f3.<\/strong>  Aquesta immersi\u00f3 en els valors i filosofia de la Fundaci\u00f3 Comtal ha estat fruit de l&#8217;itinerari dirigit per la Laura  Herrero, responsable de Comunicaci\u00f3 i Captaci\u00f3, \u00e0rea on convergeixen tots els esfor\u00e7os per donar a con\u00e8ixer la feina que realitza l\u2019entitat. He sentit receptivitat i suport per part de l&#8217;equip en cadascuna de les tasques on he participat directa o indirectament\u00bb.  <strong>Article escrit per l\u2019Evelin Chacon, volunt\u00e0ria del departament de Comunicaci\u00f3 i Captaci\u00f3. <\/strong><\/p>\n","protected":false},"excerpt":{"rendered":"<p>\u00abNo s\u00f3n poques les vegades que penses a contribuir per fer possible un m\u00f3n m\u00e9s solidari, per\u00f2 immediatament sorgeixen les excuses com ara la falta de temps. Per\u00f2, qu\u00e8 passa [&hellip;]<\/p>\n","protected":false},"author":2,"featured_media":13194,"comment_status":"closed","ping_status":"closed","sticky":false,"template":"","format":"standard","meta":{"footnotes":""},"categories":[277],"tags":[],"class_list":["post-13193","post","type-post","status-publish","format-standard","has-post-thumbnail","hentry","category-testimonials"],"_links":{"self":[{"href":"https:\/\/comtal.org\/es\/wp-json\/wp\/v2\/posts\/13193","targetHints":{"allow":["GET"]}}],"collection":[{"href":"https:\/\/comtal.org\/es\/wp-json\/wp\/v2\/posts"}],"about":[{"href":"https:\/\/comtal.org\/es\/wp-json\/wp\/v2\/types\/post"}],"author":[{"embeddable":true,"href":"https:\/\/comtal.org\/es\/wp-json\/wp\/v2\/users\/2"}],"replies":[{"embeddable":true,"href":"https:\/\/comtal.org\/es\/wp-json\/wp\/v2\/comments?post=13193"}],"version-history":[{"count":1,"href":"https:\/\/comtal.org\/es\/wp-json\/wp\/v2\/posts\/13193\/revisions"}],"predecessor-version":[{"id":13441,"href":"https:\/\/comtal.org\/es\/wp-json\/wp\/v2\/posts\/13193\/revisions\/13441"}],"wp:featuredmedia":[{"embeddable":true,"href":"https:\/\/comtal.org\/es\/wp-json\/wp\/v2\/media\/13194"}],"wp:attachment":[{"href":"https:\/\/comtal.org\/es\/wp-json\/wp\/v2\/media?parent=13193"}],"wp:term":[{"taxonomy":"category","embeddable":true,"href":"https:\/\/comtal.org\/es\/wp-json\/wp\/v2\/categories?post=13193"},{"taxonomy":"post_tag","embeddable":true,"href":"https:\/\/comtal.org\/es\/wp-json\/wp\/v2\/tags?post=13193"}],"curies":[{"name":"wp","href":"https:\/\/api.w.org\/{rel}","templated":true}]}}