{"id":13191,"date":"2011-09-29T00:00:00","date_gmt":"2011-09-29T00:00:00","guid":{"rendered":"https:\/\/comtal.org\/voluntaris-i-voluntaries-iniciem-el-curs-amb-energies\/"},"modified":"2016-10-31T13:39:54","modified_gmt":"2016-10-31T13:39:54","slug":"voluntaris-i-voluntaries-iniciem-el-curs-amb-energies","status":"publish","type":"post","link":"https:\/\/comtal.org\/es\/voluntaris-i-voluntaries-iniciem-el-curs-amb-energies\/","title":{"rendered":"Voluntaris i volunt\u00e0ries, iniciem el curs amb energies!"},"content":{"rendered":"<p><a href=\"https:\/\/comtal.org\/wp-content\/uploads\/tornem_al_cole-copia.jpg\"><img loading=\"lazy\" decoding=\"async\" class=\"alignleft size-medium wp-image-578\" title=\"tornem_al_cole copia\" src=\"https:\/\/comtal.org\/wp-content\/uploads\/tornem_al_cole-copia.jpg\" alt=\"\" width=\"300\" height=\"187\" \/><\/a>Comencem el nou curs carregats d\u2019energia i amb moltes coses noves a compartir. Per aquest motiu farem una <strong>primera reuni\u00f3 de voluntaris i volunt\u00e0ries <\/strong>el dijous dia <strong>6 d\u2019octubre<\/strong> a les <strong>19 hores<\/strong>, al <strong>carrer Sant Pere Mitj\u00e0 81 (nou local).<\/strong>  A la trobada parlarem de les novetats del centre i ser\u00e0 un bon moment per con\u00e8ixer-nos tots i totes, i donar la benvinguda al nou curs!  <strong>\u00c9s important que confirmeu assist\u00e8ncia en aquest <a href=\"http:\/\/www.doodle.com\/5phypwvfr9f2diky\" target=\"_blank\" rel=\"noopener\">link<\/a>.<\/strong>  Feu clic al web, afegiu el vostre nom i cognoms, i confirmeu si podeu venir o no a les diferents opcions de l\u2019enquesta.  Espero saludar-vos a tots i totes ben aviat.  Moltes gr\u00e0cies!!  <strong>Mireia Ferr\u00e9 Soler <\/strong>  <strong>Voluntariat<\/strong>  Tel. <strong>93.319.52.76<\/strong> &#8211; Fax <strong>93.310.35.73<\/strong>  <strong>voluntariat@comtal.org<\/strong><\/p>\n","protected":false},"excerpt":{"rendered":"<p>Comencem el nou curs carregats d\u2019energia i amb moltes coses noves a compartir. Per aquest motiu farem una primera reuni\u00f3 de voluntaris i volunt\u00e0ries el dijous dia 6 d\u2019octubre a [&hellip;]<\/p>\n","protected":false},"author":2,"featured_media":13192,"comment_status":"closed","ping_status":"closed","sticky":false,"template":"","format":"standard","meta":{"footnotes":""},"categories":[277],"tags":[],"class_list":["post-13191","post","type-post","status-publish","format-standard","has-post-thumbnail","hentry","category-testimonials"],"_links":{"self":[{"href":"https:\/\/comtal.org\/es\/wp-json\/wp\/v2\/posts\/13191","targetHints":{"allow":["GET"]}}],"collection":[{"href":"https:\/\/comtal.org\/es\/wp-json\/wp\/v2\/posts"}],"about":[{"href":"https:\/\/comtal.org\/es\/wp-json\/wp\/v2\/types\/post"}],"author":[{"embeddable":true,"href":"https:\/\/comtal.org\/es\/wp-json\/wp\/v2\/users\/2"}],"replies":[{"embeddable":true,"href":"https:\/\/comtal.org\/es\/wp-json\/wp\/v2\/comments?post=13191"}],"version-history":[{"count":1,"href":"https:\/\/comtal.org\/es\/wp-json\/wp\/v2\/posts\/13191\/revisions"}],"predecessor-version":[{"id":13443,"href":"https:\/\/comtal.org\/es\/wp-json\/wp\/v2\/posts\/13191\/revisions\/13443"}],"wp:featuredmedia":[{"embeddable":true,"href":"https:\/\/comtal.org\/es\/wp-json\/wp\/v2\/media\/13192"}],"wp:attachment":[{"href":"https:\/\/comtal.org\/es\/wp-json\/wp\/v2\/media?parent=13191"}],"wp:term":[{"taxonomy":"category","embeddable":true,"href":"https:\/\/comtal.org\/es\/wp-json\/wp\/v2\/categories?post=13191"},{"taxonomy":"post_tag","embeddable":true,"href":"https:\/\/comtal.org\/es\/wp-json\/wp\/v2\/tags?post=13191"}],"curies":[{"name":"wp","href":"https:\/\/api.w.org\/{rel}","templated":true}]}}