{"id":13189,"date":"2011-09-16T00:00:00","date_gmt":"2011-09-16T00:00:00","guid":{"rendered":"https:\/\/comtal.org\/concert-solidari-amb-porfinviernes\/"},"modified":"2016-10-31T13:39:54","modified_gmt":"2016-10-31T13:39:54","slug":"concert-solidari-amb-porfinviernes","status":"publish","type":"post","link":"https:\/\/comtal.org\/es\/concert-solidari-amb-porfinviernes\/","title":{"rendered":"Concert solidari amb PorFinViernes"},"content":{"rendered":"<p><a href=\"https:\/\/comtal.org\/wp-content\/uploads\/concert_web.jpg\"><img loading=\"lazy\" decoding=\"async\" class=\"alignleft size-full wp-image-575\" title=\"concert_web\" src=\"https:\/\/comtal.org\/wp-content\/uploads\/concert_web.jpg\" alt=\"\" width=\"175\" height=\"131\" \/><\/a>El proper<strong> 19 d\u2019octubre<\/strong>, el grup musical <strong><a href=\" http:\/\/www.porfinviernes.es\/\">PorFinViernes<\/a><\/strong>\u00a0far\u00e0 un <strong>concert solidari a favor de la Fundaci\u00f3 Comtal<\/strong>. La recaptaci\u00f3 de l\u2019actuaci\u00f3 anir\u00e0 destinada a fer possible que infants com en <strong>Jorge <\/strong>vinguin a fer els deures o joves com el <strong>Youseff <\/strong>continu\u00efn formant-se en oficis per tenir m\u00e9s possibilitats per accedir al m\u00f3n laboral.  PorFinViernes \u00e9s un grup de m\u00fasics aficionats compost per persones de diferents \u00e0mbits que comparteixen la seva sensibilitat per la m\u00fasica i per ajudar les persones que m\u00e9s ho necessiten.  Al concert podrem escoltar versions de grans cl\u00e0ssics musicals, d\u2019artistes com la Tina Turner o Nacha Pop, i d\u2019altres temes m\u00e9s actuals de bandes com Sabina o el Canto del Loco. Sempre, aix\u00f2 s\u00ed, amb un estil que ben segur no ens deixar\u00e0 indiferents!  <strong>Suma\u00b4t a ser part activa del canvi dels infants i joves que atenem comprant la teva entrada!<\/strong>  <strong>\u00a019 d\u2019octubre a les 21 hores<\/strong>  <strong>Sala Luz de Gas (Muntaner, 246. Barcelona).<\/strong>  <strong>Preu de l\u2019entrada: 15 euros<\/strong>  <strong>Fila 0: La Caixa 2100 3002 00 2200314811<\/strong>  \u00a0Ja pots reservar la teva entrada trucant al <strong>93 295 46 36<\/strong> o enviant un e-mail a <a href=\"mailto:comunicacio@comtal.org\"><strong>comunicacio@comtal.org<\/strong><\/a> (Laura Herrero).<\/p>\n","protected":false},"excerpt":{"rendered":"<p>El proper 19 d\u2019octubre, el grup musical PorFinViernes\u00a0far\u00e0 un concert solidari a favor de la Fundaci\u00f3 Comtal. La recaptaci\u00f3 de l\u2019actuaci\u00f3 anir\u00e0 destinada a fer possible que infants com en [&hellip;]<\/p>\n","protected":false},"author":2,"featured_media":13190,"comment_status":"closed","ping_status":"closed","sticky":false,"template":"","format":"standard","meta":{"footnotes":""},"categories":[277],"tags":[],"class_list":["post-13189","post","type-post","status-publish","format-standard","has-post-thumbnail","hentry","category-testimonials"],"_links":{"self":[{"href":"https:\/\/comtal.org\/es\/wp-json\/wp\/v2\/posts\/13189","targetHints":{"allow":["GET"]}}],"collection":[{"href":"https:\/\/comtal.org\/es\/wp-json\/wp\/v2\/posts"}],"about":[{"href":"https:\/\/comtal.org\/es\/wp-json\/wp\/v2\/types\/post"}],"author":[{"embeddable":true,"href":"https:\/\/comtal.org\/es\/wp-json\/wp\/v2\/users\/2"}],"replies":[{"embeddable":true,"href":"https:\/\/comtal.org\/es\/wp-json\/wp\/v2\/comments?post=13189"}],"version-history":[{"count":1,"href":"https:\/\/comtal.org\/es\/wp-json\/wp\/v2\/posts\/13189\/revisions"}],"predecessor-version":[{"id":13444,"href":"https:\/\/comtal.org\/es\/wp-json\/wp\/v2\/posts\/13189\/revisions\/13444"}],"wp:featuredmedia":[{"embeddable":true,"href":"https:\/\/comtal.org\/es\/wp-json\/wp\/v2\/media\/13190"}],"wp:attachment":[{"href":"https:\/\/comtal.org\/es\/wp-json\/wp\/v2\/media?parent=13189"}],"wp:term":[{"taxonomy":"category","embeddable":true,"href":"https:\/\/comtal.org\/es\/wp-json\/wp\/v2\/categories?post=13189"},{"taxonomy":"post_tag","embeddable":true,"href":"https:\/\/comtal.org\/es\/wp-json\/wp\/v2\/tags?post=13189"}],"curies":[{"name":"wp","href":"https:\/\/api.w.org\/{rel}","templated":true}]}}